{"id":17244,"date":"2023-12-01T09:00:09","date_gmt":"2023-12-01T07:00:09","guid":{"rendered":"https:\/\/matkasport.ee\/blogi\/?p=17244"},"modified":"2024-01-10T16:18:58","modified_gmt":"2024-01-10T14:18:58","slug":"talvel-matkamine-ja-talvematka-laager","status":"publish","type":"post","link":"https:\/\/matkasport.ee\/blogi\/talvel-matkamine-ja-talvematka-laager\/","title":{"rendered":"VIDEO. Talvel matkamine ja talvematka laager. MATKaTV"},"content":{"rendered":"<div class=\"fusion-fullwidth fullwidth-box fusion-builder-row-1 nonhundred-percent-fullwidth non-hundred-percent-height-scrolling\" style=\"--awb-border-radius-top-left:0px;--awb-border-radius-top-right:0px;--awb-border-radius-bottom-right:0px;--awb-border-radius-bottom-left:0px;--awb-flex-wrap:wrap;\" ><div class=\"fusion-builder-row fusion-row\"><div class=\"fusion-layout-column fusion_builder_column fusion-builder-column-0 fusion_builder_column_1_1 1_1 fusion-one-full fusion-column-first fusion-column-last\" style=\"--awb-bg-size:cover;\"><div class=\"fusion-column-wrapper fusion-flex-column-wrapper-legacy\"><div class=\"fusion-text fusion-text-1\"><p><span class=\"style-scope yt-formatted-string\" dir=\"auto\">Talvel matkamine ja \u00f6\u00f6bimine telgis on elamus omaette. Talvel matkamine laagri 1. saates r\u00e4\u00e4givad Raivo Plumer ja Argo Mere talvel matkamise riietuse ja matkavarustuse valikust. Raivo aastak\u00fcmnete pikkuse kogemuse matkamees ja alpinist. Tema matkatarkust ja matkan\u00f5kse &#8220;ellu&#8221; j\u00e4\u00e4da on lust kuulata. Argo on samuti k\u00e4inud rasketes oludes matkamas ja ta teab peensusteni matkavarustuse valimisest.<\/span><\/p>\n<p><span class=\"style-scope yt-formatted-string\" dir=\"auto\">Saate sisukord. <\/span><\/p>\n<ul>\n<li><a class=\"yt-simple-endpoint style-scope yt-formatted-string\" dir=\"auto\" spellcheck=\"false\" href=\"https:\/\/www.youtube.com\/watch?v=De-GxdrmYRs&amp;t=88s\">1:28<\/a><span class=\"style-scope yt-formatted-string\" dir=\"auto\">\u200b<\/span><span class=\"style-scope yt-formatted-string\" dir=\"auto\"> Telgi paigaldamine.<\/span><\/li>\n<li><a class=\"yt-simple-endpoint style-scope yt-formatted-string\" dir=\"auto\" spellcheck=\"false\" href=\"https:\/\/www.youtube.com\/watch?v=De-GxdrmYRs&amp;t=150s\">2:30<\/a><span class=\"style-scope yt-formatted-string\" dir=\"auto\">\u200b<\/span><span class=\"style-scope yt-formatted-string\" dir=\"auto\"> Telgimatt talvel <\/span><\/li>\n<li><a class=\"yt-simple-endpoint style-scope yt-formatted-string\" dir=\"auto\" spellcheck=\"false\" href=\"https:\/\/www.youtube.com\/watch?v=De-GxdrmYRs&amp;t=210s\">3:30<\/a><span class=\"style-scope yt-formatted-string\" dir=\"auto\">\u200b<\/span><span class=\"style-scope yt-formatted-string\" dir=\"auto\"> Talvine magamiskott, mida j\u00e4lgida. <\/span><\/li>\n<li><a class=\"yt-simple-endpoint style-scope yt-formatted-string\" dir=\"auto\" spellcheck=\"false\" href=\"https:\/\/www.youtube.com\/watch?v=De-GxdrmYRs&amp;t=291s\">4:51<\/a><span class=\"style-scope yt-formatted-string\" dir=\"auto\">\u200b<\/span><span class=\"style-scope yt-formatted-string\" dir=\"auto\"> Kuidas magamiskotti kasutada. Matkatarkus. <\/span><\/li>\n<li><a class=\"yt-simple-endpoint style-scope yt-formatted-string\" dir=\"auto\" spellcheck=\"false\" href=\"https:\/\/www.youtube.com\/watch?v=De-GxdrmYRs&amp;t=472s\">7:52<\/a><span class=\"style-scope yt-formatted-string\" dir=\"auto\">\u200b<\/span><span class=\"style-scope yt-formatted-string\" dir=\"auto\"> Riietus magamisel <\/span><\/li>\n<li><a class=\"yt-simple-endpoint style-scope yt-formatted-string\" dir=\"auto\" spellcheck=\"false\" href=\"https:\/\/www.youtube.com\/watch?v=De-GxdrmYRs&amp;t=514s\">8:34<\/a><span class=\"style-scope yt-formatted-string\" dir=\"auto\">\u200b<\/span><span class=\"style-scope yt-formatted-string\" dir=\"auto\"> Kinnaste ja sokkide kuivatamine talvematkal <\/span><\/li>\n<li><a class=\"yt-simple-endpoint style-scope yt-formatted-string\" dir=\"auto\" spellcheck=\"false\" href=\"https:\/\/www.youtube.com\/watch?v=De-GxdrmYRs&amp;t=562s\">9:22<\/a><span class=\"style-scope yt-formatted-string\" dir=\"auto\">\u200b<\/span><span class=\"style-scope yt-formatted-string\" dir=\"auto\"> Kuidas telgis \u00f6\u00f6sel jalgadele ja kehale sooja saada. <\/span><\/li>\n<\/ul>\n<p><span class=\"style-scope yt-formatted-string\" dir=\"auto\">Saates leiab vastused k\u00fcsimused ja soovitused sellistele teemadele: <\/span><\/p>\n<ul>\n<li><span class=\"style-scope yt-formatted-string\" dir=\"auto\">Kuidas ja miks ette valmistada telgi aluspind lumel?<\/span><\/li>\n<li><span class=\"style-scope yt-formatted-string\" dir=\"auto\">Talvel matkamine: millised matid ning madratsid ja milleks sobivad talvematkal?<\/span><\/li>\n<li><span class=\"style-scope yt-formatted-string\" dir=\"auto\">Telgi ettevalmistamine ja p\u00fcstitamine talvematkal.<\/span><\/li>\n<li><span class=\"style-scope yt-formatted-string\" dir=\"auto\">Telgi vaiad lumes.<\/span><\/li>\n<li><span class=\"style-scope yt-formatted-string\" dir=\"auto\">Magamiskoti valimine.<\/span><\/li>\n<li><span class=\"style-scope yt-formatted-string\" dir=\"auto\">Kuidas talvel magamiskotis magada ja mis probleeme tekitab niiskus?<\/span><\/li>\n<li><span class=\"style-scope yt-formatted-string\" dir=\"auto\">Mis riietega talvel telgis magatakse?<\/span><\/li>\n<li><span class=\"style-scope yt-formatted-string\" dir=\"auto\">Kuidas telgis \u00f6\u00f6sel sooja saada ja s\u00e4ilitada?<\/span><\/li>\n<\/ul>\n<p><span style=\"color: #ffffff;\">.<\/span><\/p>\n<\/div><div class=\"fusion-sep-clear\"><\/div><div class=\"fusion-separator fusion-full-width-sep\" style=\"margin-left: auto;margin-right: auto;width:100%;\"><div class=\"fusion-separator-border sep-double\" style=\"--awb-height:20px;--awb-amount:20px;border-color:#e0dede;border-top-width:1px;border-bottom-width:1px;\"><\/div><\/div><div class=\"fusion-sep-clear\"><\/div><div class=\"fusion-text fusion-text-2\"><p><span style=\"color: #ffffff;\">.<\/span><\/p>\n<\/div><div class=\"fusion-video fusion-youtube fusion-aligncenter\" style=\"--awb-max-width:800px;--awb-max-height:450px;--awb-width:100%;\"><div class=\"video-shortcode\"><div class=\"fluid-width-video-wrapper\" style=\"padding-top:56.25%;\" ><iframe title=\"YouTube video player 1\" src=\"https:\/\/www.youtube.com\/embed\/hTOxBdwM3XE?wmode=transparent&autoplay=0\" width=\"800\" height=\"450\" allowfullscreen allow=\"autoplay; clipboard-write; encrypted-media; gyroscope; picture-in-picture;\"><\/iframe><\/div><\/div><\/div><div class=\"fusion-text fusion-text-3\"><p><span style=\"color: #ffffff;\">.<\/span><\/p>\n<p><span class=\"style-scope yt-formatted-string\" dir=\"auto\">Talvel matkamise ja talvematka laagri 2. saates r\u00e4\u00e4givad Raivo ja Argo talvel matkamisel riietuse ja matkavarustuse valikust. <\/span><\/p>\n<p><span class=\"style-scope yt-formatted-string\" dir=\"auto\">Sisukord.\u00a0<\/span><\/p>\n<ul>\n<li><a class=\"yt-simple-endpoint style-scope yt-formatted-string\" dir=\"auto\" spellcheck=\"false\" href=\"https:\/\/www.youtube.com\/watch?v=hTOxBdwM3XE&amp;t=211s\">3:31<\/a><span class=\"style-scope yt-formatted-string\" dir=\"auto\">\u200b<\/span><span class=\"style-scope yt-formatted-string\" dir=\"auto\"> \u00d5hukindlus ja niiskus telgis. Eemaldamine. <\/span><\/li>\n<li><a class=\"yt-simple-endpoint style-scope yt-formatted-string\" dir=\"auto\" spellcheck=\"false\" href=\"https:\/\/www.youtube.com\/watch?v=hTOxBdwM3XE&amp;t=340s\">5:40<\/a><span class=\"style-scope yt-formatted-string\" dir=\"auto\">\u200b<\/span><span class=\"style-scope yt-formatted-string\" dir=\"auto\"> Matkatoimkond <\/span><\/li>\n<li><a class=\"yt-simple-endpoint style-scope yt-formatted-string\" dir=\"auto\" spellcheck=\"false\" href=\"https:\/\/www.youtube.com\/watch?v=hTOxBdwM3XE&amp;t=393s\">6:33<\/a><span class=\"style-scope yt-formatted-string\" dir=\"auto\">\u200b<\/span><span class=\"style-scope yt-formatted-string\" dir=\"auto\"> Matkak\u00f6\u00f6k, pliidid ja k\u00fctused <\/span><\/li>\n<li><a class=\"yt-simple-endpoint style-scope yt-formatted-string\" dir=\"auto\" spellcheck=\"false\" href=\"https:\/\/www.youtube.com\/watch?v=hTOxBdwM3XE&amp;t=520s\">8:40<\/a><span class=\"style-scope yt-formatted-string\" dir=\"auto\">\u200b<\/span><span class=\"style-scope yt-formatted-string\" dir=\"auto\"> Toiduained talvematkal ja nende k\u00fclmunult t\u00f6\u00f6tlemine. <\/span><\/li>\n<li><a class=\"yt-simple-endpoint style-scope yt-formatted-string\" dir=\"auto\" spellcheck=\"false\" href=\"https:\/\/www.youtube.com\/watch?v=hTOxBdwM3XE&amp;t=570s\">9:30<\/a><span class=\"style-scope yt-formatted-string\" dir=\"auto\">\u200b<\/span><span class=\"style-scope yt-formatted-string\" dir=\"auto\"> \u00d5htune ja hommikune toimkond <\/span><\/li>\n<li><a class=\"yt-simple-endpoint style-scope yt-formatted-string\" dir=\"auto\" spellcheck=\"false\" href=\"https:\/\/www.youtube.com\/watch?v=hTOxBdwM3XE&amp;t=645s\">10:45<\/a><span class=\"style-scope yt-formatted-string\" dir=\"auto\">\u200b<\/span><span class=\"style-scope yt-formatted-string\" dir=\"auto\"> Talvematka laagri riided ja jalatsid. <\/span><\/li>\n<\/ul>\n<p><span class=\"style-scope yt-formatted-string\" dir=\"auto\">Vastused ja teemad, mis leiavad saates k\u00e4sitlemist<\/span><\/p>\n<ul>\n<li><span class=\"style-scope yt-formatted-string\" dir=\"auto\">Telgi p\u00fcstitamine lumes. <\/span><\/li>\n<li><span class=\"style-scope yt-formatted-string\" dir=\"auto\">Miks kaevatakse telgi ette auk? <\/span><\/li>\n<li><span class=\"style-scope yt-formatted-string\" dir=\"auto\">Miks visata telgi peale lund? <\/span><\/li>\n<li><span class=\"style-scope yt-formatted-string\" dir=\"auto\">Milline on talvematka telk? <\/span><\/li>\n<li><span class=\"style-scope yt-formatted-string\" dir=\"auto\">\u00d5hukindlus ja \u00f5huniiskuse probleem ja lahendused telgis. <\/span><\/li>\n<li><span class=\"style-scope yt-formatted-string\" dir=\"auto\">Miks kaevatakse telgi eeskotta auk? <\/span><\/li>\n<li><span class=\"style-scope yt-formatted-string\" dir=\"auto\">Toimkonnad, mis ja kuidas \u00f5htul ning hommikul. <\/span><\/li>\n<li><span class=\"style-scope yt-formatted-string\" dir=\"auto\">Soovitused talvemata riiete ja jalatsite valimiseks.<\/span><\/li>\n<\/ul>\n<p>Saate pani kokku V\u00e4ino (V\u00e4ints) Laisaar.<\/p>\n<\/div><div class=\"fusion-sep-clear\"><\/div><div class=\"fusion-separator fusion-full-width-sep\" style=\"margin-left: auto;margin-right: auto;width:100%;\"><div class=\"fusion-separator-border sep-double\" style=\"--awb-height:20px;--awb-amount:20px;border-color:#e0dede;border-top-width:1px;border-bottom-width:1px;\"><\/div><\/div><div class=\"fusion-sep-clear\"><\/div><div class=\"fusion-text fusion-text-4\"><p><span style=\"color: #ffffff;\">.<\/span><\/p>\n<h2 data-fontsize=\"20\" data-lineheight=\"30\"><a href=\"https:\/\/matkasport.ee\/195-talvevarustus\" target=\"_blank\" rel=\"noopener\">Kliki MATKaSPORDI e-poodi<\/a>\u00a0ja vaata talvised liikumisvahendid \u00fcle.<\/h2>\n<\/div><div class=\"fusion-sep-clear\"><\/div><div class=\"fusion-separator fusion-full-width-sep\" style=\"margin-left: auto;margin-right: auto;width:100%;\"><div class=\"fusion-separator-border sep-double\" style=\"--awb-height:20px;--awb-amount:20px;border-color:#e0dede;border-top-width:1px;border-bottom-width:1px;\"><\/div><\/div><div class=\"fusion-sep-clear\"><\/div><div class=\"fusion-text fusion-text-5\"><p>.<\/p>\n<h2>Seotud lood.<\/h2>\n<ul>\n<li class=\"entry-title fusion-post-title\" data-fontsize=\"21\" data-lineheight=\"27\"><a href=\"https:\/\/matkasport.ee\/blogi\/video-talvematka-liikumisvahendid-talvematka-riided-ning-jalatsid-matkatv\/\" target=\"_blank\" rel=\"noopener\"><span style=\"color: #008000;\">VIDEO. Talvematka liikumisvahendid. Talvematka riided ning -jalatsid. MATKaTV<\/span><\/a><\/li>\n<li class=\"entry-title fusion-post-title\" data-fontsize=\"21\" data-lineheight=\"27\"><span style=\"color: #008000;\"><a style=\"color: #008000;\" href=\"https:\/\/matkasport.ee\/blogi\/kate-ja-jalgade-soojendamine-padjakesed-kinnaste-ja-jalatsite-sees\/\" target=\"_blank\" rel=\"noopener\">VIDEO. K\u00e4te ja jalgade soojendamine. Padjakesed kinnaste ja jalatsite sees. MATKaTV<\/a><\/span><\/li>\n<\/ul>\n<\/div><div class=\"fusion-clearfix\"><\/div><\/div><\/div><\/div><\/div>\n","protected":false},"excerpt":{"rendered":"","protected":false},"author":16,"featured_media":17249,"comment_status":"closed","ping_status":"open","sticky":false,"template":"","format":"video","meta":{"footnotes":""},"categories":[745,444,554,5,50,462,636],"tags":[],"class_list":["post-17244","post","type-post","status-publish","format-video","has-post-thumbnail","hentry","category-hilleberg","category-magimatkamine","category-matkakook","category-matkatv","category-nouanded","category-talvematk","category-talvevarustus","post_format-post-format-video"],"yoast_head":"<!-- This site is optimized with the Yoast SEO plugin v27.0 - https:\/\/yoast.com\/product\/yoast-seo-wordpress\/ -->\n<title>VIDEO. Talvel matkamine ja talvematka laager | MATKaBLOGI<\/title>\n<meta name=\"description\" content=\"Talvel matkamine ja \u00f6\u00f6bimine telgis on elamus omaette. Raivo Plumeri ja Argo Mere juttu on lust kuulata ja matkan\u00f5kse kuidas \u201cellu\u201d j\u00e4\u00e4da. Kliki ja vaata!\" \/>\n<meta name=\"robots\" content=\"index, follow, max-snippet:-1, max-image-preview:large, max-video-preview:-1\" \/>\n<link rel=\"canonical\" href=\"https:\/\/matkasport.ee\/blogi\/talvel-matkamine-ja-talvematka-laager\/\" \/>\n<meta property=\"og:locale\" content=\"et_EE\" \/>\n<meta property=\"og:type\" content=\"article\" \/>\n<meta property=\"og:title\" content=\"VIDEO. Talvel matkamine ja talvematka laager | MATKaBLOGI\" \/>\n<meta property=\"og:description\" content=\"Talvel matkamine ja \u00f6\u00f6bimine telgis on elamus omaette. Raivo Plumeri ja Argo Mere juttu on lust kuulata ja matkan\u00f5kse kuidas \u201cellu\u201d j\u00e4\u00e4da. Kliki ja vaata!\" \/>\n<meta property=\"og:url\" content=\"https:\/\/matkasport.ee\/blogi\/talvel-matkamine-ja-talvematka-laager\/\" \/>\n<meta property=\"og:site_name\" content=\"MATKaBLOGI\" \/>\n<meta property=\"article:publisher\" content=\"https:\/\/www.facebook.com\/MATKaSPORT\" \/>\n<meta property=\"article:published_time\" content=\"2023-12-01T07:00:09+00:00\" \/>\n<meta property=\"article:modified_time\" content=\"2024-01-10T14:18:58+00:00\" \/>\n<meta property=\"og:image\" content=\"https:\/\/matkasport.ee\/blogi\/wp-content\/uploads\/2021\/02\/talvematk_talvel_matkamine_matkasport.png\" \/>\n<meta name=\"author\" content=\"MATKaSPORT\" \/>\n<meta name=\"twitter:card\" content=\"summary_large_image\" \/>\n<meta name=\"twitter:label1\" content=\"Written by\" \/>\n\t<meta name=\"twitter:data1\" content=\"MATKaSPORT\" \/>\n\t<meta name=\"twitter:label2\" content=\"Est. reading time\" \/>\n\t<meta name=\"twitter:data2\" content=\"3 minutit\" \/>\n<script type=\"application\/ld+json\" class=\"yoast-schema-graph\">{\"@context\":\"https:\/\/schema.org\",\"@graph\":[{\"@type\":\"Article\",\"@id\":\"https:\/\/matkasport.ee\/blogi\/talvel-matkamine-ja-talvematka-laager\/#article\",\"isPartOf\":{\"@id\":\"https:\/\/matkasport.ee\/blogi\/talvel-matkamine-ja-talvematka-laager\/\"},\"author\":{\"name\":\"MATKaSPORT\",\"@id\":\"https:\/\/matkasport.ee\/blogi\/#\/schema\/person\/1a2d5439868538ce74d20b26e8a4e117\"},\"headline\":\"VIDEO. Talvel matkamine ja talvematka laager. MATKaTV\",\"datePublished\":\"2023-12-01T07:00:09+00:00\",\"dateModified\":\"2024-01-10T14:18:58+00:00\",\"mainEntityOfPage\":{\"@id\":\"https:\/\/matkasport.ee\/blogi\/talvel-matkamine-ja-talvematka-laager\/\"},\"wordCount\":595,\"publisher\":{\"@id\":\"https:\/\/matkasport.ee\/blogi\/#organization\"},\"image\":{\"@id\":\"https:\/\/matkasport.ee\/blogi\/talvel-matkamine-ja-talvematka-laager\/#primaryimage\"},\"thumbnailUrl\":\"https:\/\/matkasport.ee\/blogi\/wp-content\/uploads\/2021\/02\/talvematk_talvel_matkamine_matkasport.png\",\"articleSection\":[\"Hilleberg\",\"M\u00e4gimatkamine\",\"Matkak\u00f6\u00f6k\",\"MatkaTV\",\"N\u00f5uanded\",\"Talvematk\",\"Talvevarustus\"],\"inLanguage\":\"et\"},{\"@type\":\"WebPage\",\"@id\":\"https:\/\/matkasport.ee\/blogi\/talvel-matkamine-ja-talvematka-laager\/\",\"url\":\"https:\/\/matkasport.ee\/blogi\/talvel-matkamine-ja-talvematka-laager\/\",\"name\":\"VIDEO. Talvel matkamine ja talvematka laager | MATKaBLOGI\",\"isPartOf\":{\"@id\":\"https:\/\/matkasport.ee\/blogi\/#website\"},\"primaryImageOfPage\":{\"@id\":\"https:\/\/matkasport.ee\/blogi\/talvel-matkamine-ja-talvematka-laager\/#primaryimage\"},\"image\":{\"@id\":\"https:\/\/matkasport.ee\/blogi\/talvel-matkamine-ja-talvematka-laager\/#primaryimage\"},\"thumbnailUrl\":\"https:\/\/matkasport.ee\/blogi\/wp-content\/uploads\/2021\/02\/talvematk_talvel_matkamine_matkasport.png\",\"datePublished\":\"2023-12-01T07:00:09+00:00\",\"dateModified\":\"2024-01-10T14:18:58+00:00\",\"description\":\"Talvel matkamine ja \u00f6\u00f6bimine telgis on elamus omaette. Raivo Plumeri ja Argo Mere juttu on lust kuulata ja matkan\u00f5kse kuidas \u201cellu\u201d j\u00e4\u00e4da. Kliki ja vaata!\",\"breadcrumb\":{\"@id\":\"https:\/\/matkasport.ee\/blogi\/talvel-matkamine-ja-talvematka-laager\/#breadcrumb\"},\"inLanguage\":\"et\",\"potentialAction\":[{\"@type\":\"ReadAction\",\"target\":[\"https:\/\/matkasport.ee\/blogi\/talvel-matkamine-ja-talvematka-laager\/\"]}]},{\"@type\":\"ImageObject\",\"inLanguage\":\"et\",\"@id\":\"https:\/\/matkasport.ee\/blogi\/talvel-matkamine-ja-talvematka-laager\/#primaryimage\",\"url\":\"https:\/\/matkasport.ee\/blogi\/wp-content\/uploads\/2021\/02\/talvematk_talvel_matkamine_matkasport.png\",\"contentUrl\":\"https:\/\/matkasport.ee\/blogi\/wp-content\/uploads\/2021\/02\/talvematk_talvel_matkamine_matkasport.png\",\"width\":1063,\"height\":670,\"caption\":\"talvematk talvel matkamine matkasport\"},{\"@type\":\"BreadcrumbList\",\"@id\":\"https:\/\/matkasport.ee\/blogi\/talvel-matkamine-ja-talvematka-laager\/#breadcrumb\",\"itemListElement\":[{\"@type\":\"ListItem\",\"position\":1,\"name\":\"Home\",\"item\":\"https:\/\/matkasport.ee\/blogi\/\"},{\"@type\":\"ListItem\",\"position\":2,\"name\":\"VIDEO. Talvel matkamine ja talvematka laager. MATKaTV\"}]},{\"@type\":\"WebSite\",\"@id\":\"https:\/\/matkasport.ee\/blogi\/#website\",\"url\":\"https:\/\/matkasport.ee\/blogi\/\",\"name\":\"MATKaBLOGI\",\"description\":\"MATKaBLOGIS jagavad kogemusi ja n\u00f5uanded matkajad matkajatele\",\"publisher\":{\"@id\":\"https:\/\/matkasport.ee\/blogi\/#organization\"},\"potentialAction\":[{\"@type\":\"SearchAction\",\"target\":{\"@type\":\"EntryPoint\",\"urlTemplate\":\"https:\/\/matkasport.ee\/blogi\/?s={search_term_string}\"},\"query-input\":{\"@type\":\"PropertyValueSpecification\",\"valueRequired\":true,\"valueName\":\"search_term_string\"}}],\"inLanguage\":\"et\"},{\"@type\":\"Organization\",\"@id\":\"https:\/\/matkasport.ee\/blogi\/#organization\",\"name\":\"MATKaSPORT\",\"url\":\"https:\/\/matkasport.ee\/blogi\/\",\"logo\":{\"@type\":\"ImageObject\",\"inLanguage\":\"et\",\"@id\":\"https:\/\/matkasport.ee\/blogi\/#\/schema\/logo\/image\/\",\"url\":\"https:\/\/matkasport.ee\/blogi\/wp-content\/uploads\/2025\/01\/MATKASPORTlogo-133.png\",\"contentUrl\":\"https:\/\/matkasport.ee\/blogi\/wp-content\/uploads\/2025\/01\/MATKASPORTlogo-133.png\",\"width\":133,\"height\":50,\"caption\":\"MATKaSPORT\"},\"image\":{\"@id\":\"https:\/\/matkasport.ee\/blogi\/#\/schema\/logo\/image\/\"},\"sameAs\":[\"https:\/\/www.facebook.com\/MATKaSPORT\"]},{\"@type\":\"Person\",\"@id\":\"https:\/\/matkasport.ee\/blogi\/#\/schema\/person\/1a2d5439868538ce74d20b26e8a4e117\",\"name\":\"MATKaSPORT\",\"image\":{\"@type\":\"ImageObject\",\"inLanguage\":\"et\",\"@id\":\"https:\/\/matkasport.ee\/blogi\/#\/schema\/person\/image\/\",\"url\":\"https:\/\/secure.gravatar.com\/avatar\/5c7b960fe3ba5b130fbc978b5804f7832f13218bd319cbaac50c93e9c4f72048?s=96&d=mm&r=g\",\"contentUrl\":\"https:\/\/secure.gravatar.com\/avatar\/5c7b960fe3ba5b130fbc978b5804f7832f13218bd319cbaac50c93e9c4f72048?s=96&d=mm&r=g\",\"caption\":\"MATKaSPORT\"},\"url\":\"https:\/\/matkasport.ee\/blogi\/author\/matkasport\/\"}]}<\/script>\n<!-- \/ Yoast SEO plugin. -->","yoast_head_json":{"title":"VIDEO. Talvel matkamine ja talvematka laager | MATKaBLOGI","description":"Talvel matkamine ja \u00f6\u00f6bimine telgis on elamus omaette. Raivo Plumeri ja Argo Mere juttu on lust kuulata ja matkan\u00f5kse kuidas \u201cellu\u201d j\u00e4\u00e4da. Kliki ja vaata!","robots":{"index":"index","follow":"follow","max-snippet":"max-snippet:-1","max-image-preview":"max-image-preview:large","max-video-preview":"max-video-preview:-1"},"canonical":"https:\/\/matkasport.ee\/blogi\/talvel-matkamine-ja-talvematka-laager\/","og_locale":"et_EE","og_type":"article","og_title":"VIDEO. Talvel matkamine ja talvematka laager | MATKaBLOGI","og_description":"Talvel matkamine ja \u00f6\u00f6bimine telgis on elamus omaette. Raivo Plumeri ja Argo Mere juttu on lust kuulata ja matkan\u00f5kse kuidas \u201cellu\u201d j\u00e4\u00e4da. Kliki ja vaata!","og_url":"https:\/\/matkasport.ee\/blogi\/talvel-matkamine-ja-talvematka-laager\/","og_site_name":"MATKaBLOGI","article_publisher":"https:\/\/www.facebook.com\/MATKaSPORT","article_published_time":"2023-12-01T07:00:09+00:00","article_modified_time":"2024-01-10T14:18:58+00:00","og_image":[{"url":"https:\/\/matkasport.ee\/blogi\/wp-content\/uploads\/2021\/02\/talvematk_talvel_matkamine_matkasport.png","type":"","width":"","height":""}],"author":"MATKaSPORT","twitter_card":"summary_large_image","twitter_misc":{"Written by":"MATKaSPORT","Est. reading time":"3 minutit"},"schema":{"@context":"https:\/\/schema.org","@graph":[{"@type":"Article","@id":"https:\/\/matkasport.ee\/blogi\/talvel-matkamine-ja-talvematka-laager\/#article","isPartOf":{"@id":"https:\/\/matkasport.ee\/blogi\/talvel-matkamine-ja-talvematka-laager\/"},"author":{"name":"MATKaSPORT","@id":"https:\/\/matkasport.ee\/blogi\/#\/schema\/person\/1a2d5439868538ce74d20b26e8a4e117"},"headline":"VIDEO. Talvel matkamine ja talvematka laager. MATKaTV","datePublished":"2023-12-01T07:00:09+00:00","dateModified":"2024-01-10T14:18:58+00:00","mainEntityOfPage":{"@id":"https:\/\/matkasport.ee\/blogi\/talvel-matkamine-ja-talvematka-laager\/"},"wordCount":595,"publisher":{"@id":"https:\/\/matkasport.ee\/blogi\/#organization"},"image":{"@id":"https:\/\/matkasport.ee\/blogi\/talvel-matkamine-ja-talvematka-laager\/#primaryimage"},"thumbnailUrl":"https:\/\/matkasport.ee\/blogi\/wp-content\/uploads\/2021\/02\/talvematk_talvel_matkamine_matkasport.png","articleSection":["Hilleberg","M\u00e4gimatkamine","Matkak\u00f6\u00f6k","MatkaTV","N\u00f5uanded","Talvematk","Talvevarustus"],"inLanguage":"et"},{"@type":"WebPage","@id":"https:\/\/matkasport.ee\/blogi\/talvel-matkamine-ja-talvematka-laager\/","url":"https:\/\/matkasport.ee\/blogi\/talvel-matkamine-ja-talvematka-laager\/","name":"VIDEO. Talvel matkamine ja talvematka laager | MATKaBLOGI","isPartOf":{"@id":"https:\/\/matkasport.ee\/blogi\/#website"},"primaryImageOfPage":{"@id":"https:\/\/matkasport.ee\/blogi\/talvel-matkamine-ja-talvematka-laager\/#primaryimage"},"image":{"@id":"https:\/\/matkasport.ee\/blogi\/talvel-matkamine-ja-talvematka-laager\/#primaryimage"},"thumbnailUrl":"https:\/\/matkasport.ee\/blogi\/wp-content\/uploads\/2021\/02\/talvematk_talvel_matkamine_matkasport.png","datePublished":"2023-12-01T07:00:09+00:00","dateModified":"2024-01-10T14:18:58+00:00","description":"Talvel matkamine ja \u00f6\u00f6bimine telgis on elamus omaette. Raivo Plumeri ja Argo Mere juttu on lust kuulata ja matkan\u00f5kse kuidas \u201cellu\u201d j\u00e4\u00e4da. Kliki ja vaata!","breadcrumb":{"@id":"https:\/\/matkasport.ee\/blogi\/talvel-matkamine-ja-talvematka-laager\/#breadcrumb"},"inLanguage":"et","potentialAction":[{"@type":"ReadAction","target":["https:\/\/matkasport.ee\/blogi\/talvel-matkamine-ja-talvematka-laager\/"]}]},{"@type":"ImageObject","inLanguage":"et","@id":"https:\/\/matkasport.ee\/blogi\/talvel-matkamine-ja-talvematka-laager\/#primaryimage","url":"https:\/\/matkasport.ee\/blogi\/wp-content\/uploads\/2021\/02\/talvematk_talvel_matkamine_matkasport.png","contentUrl":"https:\/\/matkasport.ee\/blogi\/wp-content\/uploads\/2021\/02\/talvematk_talvel_matkamine_matkasport.png","width":1063,"height":670,"caption":"talvematk talvel matkamine matkasport"},{"@type":"BreadcrumbList","@id":"https:\/\/matkasport.ee\/blogi\/talvel-matkamine-ja-talvematka-laager\/#breadcrumb","itemListElement":[{"@type":"ListItem","position":1,"name":"Home","item":"https:\/\/matkasport.ee\/blogi\/"},{"@type":"ListItem","position":2,"name":"VIDEO. Talvel matkamine ja talvematka laager. MATKaTV"}]},{"@type":"WebSite","@id":"https:\/\/matkasport.ee\/blogi\/#website","url":"https:\/\/matkasport.ee\/blogi\/","name":"MATKaBLOGI","description":"MATKaBLOGIS jagavad kogemusi ja n\u00f5uanded matkajad matkajatele","publisher":{"@id":"https:\/\/matkasport.ee\/blogi\/#organization"},"potentialAction":[{"@type":"SearchAction","target":{"@type":"EntryPoint","urlTemplate":"https:\/\/matkasport.ee\/blogi\/?s={search_term_string}"},"query-input":{"@type":"PropertyValueSpecification","valueRequired":true,"valueName":"search_term_string"}}],"inLanguage":"et"},{"@type":"Organization","@id":"https:\/\/matkasport.ee\/blogi\/#organization","name":"MATKaSPORT","url":"https:\/\/matkasport.ee\/blogi\/","logo":{"@type":"ImageObject","inLanguage":"et","@id":"https:\/\/matkasport.ee\/blogi\/#\/schema\/logo\/image\/","url":"https:\/\/matkasport.ee\/blogi\/wp-content\/uploads\/2025\/01\/MATKASPORTlogo-133.png","contentUrl":"https:\/\/matkasport.ee\/blogi\/wp-content\/uploads\/2025\/01\/MATKASPORTlogo-133.png","width":133,"height":50,"caption":"MATKaSPORT"},"image":{"@id":"https:\/\/matkasport.ee\/blogi\/#\/schema\/logo\/image\/"},"sameAs":["https:\/\/www.facebook.com\/MATKaSPORT"]},{"@type":"Person","@id":"https:\/\/matkasport.ee\/blogi\/#\/schema\/person\/1a2d5439868538ce74d20b26e8a4e117","name":"MATKaSPORT","image":{"@type":"ImageObject","inLanguage":"et","@id":"https:\/\/matkasport.ee\/blogi\/#\/schema\/person\/image\/","url":"https:\/\/secure.gravatar.com\/avatar\/5c7b960fe3ba5b130fbc978b5804f7832f13218bd319cbaac50c93e9c4f72048?s=96&d=mm&r=g","contentUrl":"https:\/\/secure.gravatar.com\/avatar\/5c7b960fe3ba5b130fbc978b5804f7832f13218bd319cbaac50c93e9c4f72048?s=96&d=mm&r=g","caption":"MATKaSPORT"},"url":"https:\/\/matkasport.ee\/blogi\/author\/matkasport\/"}]}},"post_mailing_queue_ids":[],"_links":{"self":[{"href":"https:\/\/matkasport.ee\/blogi\/wp-json\/wp\/v2\/posts\/17244","targetHints":{"allow":["GET"]}}],"collection":[{"href":"https:\/\/matkasport.ee\/blogi\/wp-json\/wp\/v2\/posts"}],"about":[{"href":"https:\/\/matkasport.ee\/blogi\/wp-json\/wp\/v2\/types\/post"}],"author":[{"embeddable":true,"href":"https:\/\/matkasport.ee\/blogi\/wp-json\/wp\/v2\/users\/16"}],"replies":[{"embeddable":true,"href":"https:\/\/matkasport.ee\/blogi\/wp-json\/wp\/v2\/comments?post=17244"}],"version-history":[{"count":10,"href":"https:\/\/matkasport.ee\/blogi\/wp-json\/wp\/v2\/posts\/17244\/revisions"}],"predecessor-version":[{"id":19962,"href":"https:\/\/matkasport.ee\/blogi\/wp-json\/wp\/v2\/posts\/17244\/revisions\/19962"}],"wp:featuredmedia":[{"embeddable":true,"href":"https:\/\/matkasport.ee\/blogi\/wp-json\/wp\/v2\/media\/17249"}],"wp:attachment":[{"href":"https:\/\/matkasport.ee\/blogi\/wp-json\/wp\/v2\/media?parent=17244"}],"wp:term":[{"taxonomy":"category","embeddable":true,"href":"https:\/\/matkasport.ee\/blogi\/wp-json\/wp\/v2\/categories?post=17244"},{"taxonomy":"post_tag","embeddable":true,"href":"https:\/\/matkasport.ee\/blogi\/wp-json\/wp\/v2\/tags?post=17244"}],"curies":[{"name":"wp","href":"https:\/\/api.w.org\/{rel}","templated":true}]}}