{"id":19494,"date":"2024-04-12T10:02:10","date_gmt":"2024-04-12T07:02:10","guid":{"rendered":"https:\/\/matkasport.ee\/blogi\/?p=19494"},"modified":"2024-09-28T10:58:32","modified_gmt":"2024-09-28T07:58:32","slug":"kuidas-oma-seljakotti-pakkida-matkatv","status":"publish","type":"post","link":"https:\/\/matkasport.ee\/blogi\/kuidas-oma-seljakotti-pakkida-matkatv\/","title":{"rendered":"Kuidas oma seljakotti pakkida. MATKaTV"},"content":{"rendered":"<div class=\"fusion-fullwidth fullwidth-box fusion-builder-row-1 nonhundred-percent-fullwidth non-hundred-percent-height-scrolling\" style=\"--awb-border-radius-top-left:0px;--awb-border-radius-top-right:0px;--awb-border-radius-bottom-right:0px;--awb-border-radius-bottom-left:0px;--awb-flex-wrap:wrap;\" ><div class=\"fusion-builder-row fusion-row\"><div class=\"fusion-layout-column fusion_builder_column fusion-builder-column-0 fusion_builder_column_1_1 1_1 fusion-one-full fusion-column-first fusion-column-last\" style=\"--awb-bg-size:cover;\"><div class=\"fusion-column-wrapper fusion-flex-column-wrapper-legacy\"><div class=\"fusion-text fusion-text-1\"><p>Kuidas pakkida oma seljakott nii, et k\u00f5ndimise ajal ei valmistaks kandjale ebamugavusi ning asjade seljakotist k\u00e4ttesaamine oleks v\u00f5imalikult kiire ja mugav.<\/p>\n<h2>Koosta matkavarustuse nimekiri.<\/h2>\n<p>Enne seljakoti pakkimist on alati hea koostada nimekiri vajalikust matkavarustusest, mida on tarvis kaasa v\u00f5tta. Soovitame seljakotti mineva matkavarustuse p\u00f5randale v\u00f5i m\u00f5nele muule pinnale laiali laotada. See aitab sul anda \u00fclevaadet kaasa v\u00f5etavatest asjadest ning hoiab seljakoti pakkimise korraldatuna.<\/p>\n<h2>Raskeimad esemed p\u00f5hja.<\/h2>\n<p>Kui asud pakkima, aseta k\u00f5ige raskemad esemed seljakoti p\u00f5hja. See aitab hoida raskuspunkti madalamal ning tasakaalustab koormust.<br \/>\nK\u00f5ige kasutatavamad esemed paki seljakotis ligip\u00e4\u00e4setavale kohale: pane esemed, mida kavatsed k\u00f5ige sagedamini kasutada, seljakoti \u00fclemisse osasse v\u00f5i k\u00fcljetaskutesse. Nii on neile lihtne ligi p\u00e4\u00e4seda ilma kogu seljakotti l\u00e4bi otsimata.<\/p>\n<h2>Organiseeri ja r\u00fchmita.<\/h2>\n<p>Rulli riided kokku. Rullitud riided v\u00f5tavad v\u00e4hem ruumi ja on v\u00e4hem kortsus. Lisaks on neid lihtsam seljakotist v\u00e4lja v\u00f5tta ja tagasi panna, kui on vaja mingit konkreetset r\u00f5ivat\u00fckki \u00fcles leida.\u00a0 V\u00e4iksemate esemete korral on hea kasutada v\u00e4iksemaid kompressioonikotte v\u00f5i abikotte. Kui asjad on paigutatud erinevatesse kottidesse, siis on lihtsam neid esemeid seljakotist \u00fcles leida.<\/p>\n<h2>Reguleeri seljakoti rihmad.<\/h2>\n<p>Reguleeri oma seljakoti rihmad. Kinnita k\u00f5ndides ka rinnarihm ja v\u00f6\u00f6rihm, et jaotada seljakoti kaal \u00fchtlaselt.<\/p>\n<p>Seljakoti pakkimine v\u00f5ib tunduda esmapilgul keerulise \u00fclesandena, mis v\u00f5ib tekitada esimesel korral m\u00f5ningast n\u00f5utust.\u00a0Kuula ja vaata praktilisi soovitusi, mida jagab MATKaSPORDI matkavarustuse kategooriajuht Agor,\u00a0<span class=\"yt-core-attributed-string--link-inherit-color\">kes teab t\u00e4pselt r\u00e4\u00e4kida, kuidas seljakotti pakkida. V\u00e4ino \u201cV\u00e4ints\u201d Laisaar on teada tuntud\u00a0<\/span>\u00a0r\u00e4nnumees.<\/p>\n<\/div><div class=\"fusion-text fusion-text-2\"><hr \/>\n<p>Loe lisa:<\/p>\n<p><a href=\"https:\/\/matkasport.ee\/blogi\/kuidas-pakkida-matkaseljakotti\/\" target=\"_blank\" rel=\"noopener\">Kuidas pakkida seljakotti?<\/a><\/p>\n<p class=\"entry-title fusion-post-title\" data-fontsize=\"22\" data-lineheight=\"27\"><a href=\"https:\/\/matkasport.ee\/blogi\/kuidas-valida-matkaseljakotti\/\" target=\"_blank\" rel=\"noopener\">Kuidas valida matkaseljakotti?<\/a><\/p>\n<\/div><div class=\"fusion-clearfix\"><\/div><\/div><\/div><\/div><\/div>\n","protected":false},"excerpt":{"rendered":"","protected":false},"author":14,"featured_media":0,"comment_status":"closed","ping_status":"open","sticky":false,"template":"","format":"standard","meta":{"footnotes":""},"categories":[627,5],"tags":[],"class_list":["post-19494","post","type-post","status-publish","format-standard","hentry","category-matkaseljakotid","category-matkatv"],"yoast_head":"<!-- This site is optimized with the Yoast SEO plugin v27.0 - https:\/\/yoast.com\/product\/yoast-seo-wordpress\/ -->\n<title>Kuidas oma seljakotti pakkida. MATKaTV | MATKaBLOGI<\/title>\n<meta name=\"description\" content=\"Kuidas pakkida oma seljakott nii, et k\u00f5ndimise ajal ei valmistaks kandjale ebamugavusi ja asjade kotist k\u00e4ttesaamine oleks mugav. Vaata kasulikke nippe!\" \/>\n<meta name=\"robots\" content=\"index, follow, max-snippet:-1, max-image-preview:large, max-video-preview:-1\" \/>\n<link rel=\"canonical\" href=\"https:\/\/matkasport.ee\/blogi\/kuidas-oma-seljakotti-pakkida-matkatv\/\" \/>\n<meta property=\"og:locale\" content=\"et_EE\" \/>\n<meta property=\"og:type\" content=\"article\" \/>\n<meta property=\"og:title\" content=\"Kuidas oma seljakotti pakkida. MATKaTV | MATKaBLOGI\" \/>\n<meta property=\"og:description\" content=\"Kuidas pakkida oma seljakott nii, et k\u00f5ndimise ajal ei valmistaks kandjale ebamugavusi ja asjade kotist k\u00e4ttesaamine oleks mugav. Vaata kasulikke nippe!\" \/>\n<meta property=\"og:url\" content=\"https:\/\/matkasport.ee\/blogi\/kuidas-oma-seljakotti-pakkida-matkatv\/\" \/>\n<meta property=\"og:site_name\" content=\"MATKaBLOGI\" \/>\n<meta property=\"article:publisher\" content=\"https:\/\/www.facebook.com\/MATKaSPORT\" \/>\n<meta property=\"article:published_time\" content=\"2024-04-12T07:02:10+00:00\" \/>\n<meta property=\"article:modified_time\" content=\"2024-09-28T07:58:32+00:00\" \/>\n<meta property=\"og:image\" content=\"https:\/\/matkasport.ee\/blogi\/wp-content\/uploads\/2023\/06\/kuidas-pakkida-oma-seljakotti.png\" \/>\n<meta name=\"author\" content=\"MATKaTV\" \/>\n<meta name=\"twitter:card\" content=\"summary_large_image\" \/>\n<meta name=\"twitter:label1\" content=\"Written by\" \/>\n\t<meta name=\"twitter:data1\" content=\"MATKaTV\" \/>\n\t<meta name=\"twitter:label2\" content=\"Est. reading time\" \/>\n\t<meta name=\"twitter:data2\" content=\"2 minutit\" \/>\n<script type=\"application\/ld+json\" class=\"yoast-schema-graph\">{\"@context\":\"https:\/\/schema.org\",\"@graph\":[{\"@type\":\"Article\",\"@id\":\"https:\/\/matkasport.ee\/blogi\/kuidas-oma-seljakotti-pakkida-matkatv\/#article\",\"isPartOf\":{\"@id\":\"https:\/\/matkasport.ee\/blogi\/kuidas-oma-seljakotti-pakkida-matkatv\/\"},\"author\":{\"name\":\"MATKaTV\",\"@id\":\"https:\/\/matkasport.ee\/blogi\/#\/schema\/person\/038329e06e7026239164332f19cecfed\"},\"headline\":\"Kuidas oma seljakotti pakkida. MATKaTV\",\"datePublished\":\"2024-04-12T07:02:10+00:00\",\"dateModified\":\"2024-09-28T07:58:32+00:00\",\"mainEntityOfPage\":{\"@id\":\"https:\/\/matkasport.ee\/blogi\/kuidas-oma-seljakotti-pakkida-matkatv\/\"},\"wordCount\":462,\"publisher\":{\"@id\":\"https:\/\/matkasport.ee\/blogi\/#organization\"},\"articleSection\":[\"Matkaseljakotid\",\"MatkaTV\"],\"inLanguage\":\"et\"},{\"@type\":\"WebPage\",\"@id\":\"https:\/\/matkasport.ee\/blogi\/kuidas-oma-seljakotti-pakkida-matkatv\/\",\"url\":\"https:\/\/matkasport.ee\/blogi\/kuidas-oma-seljakotti-pakkida-matkatv\/\",\"name\":\"Kuidas oma seljakotti pakkida. MATKaTV | MATKaBLOGI\",\"isPartOf\":{\"@id\":\"https:\/\/matkasport.ee\/blogi\/#website\"},\"datePublished\":\"2024-04-12T07:02:10+00:00\",\"dateModified\":\"2024-09-28T07:58:32+00:00\",\"description\":\"Kuidas pakkida oma seljakott nii, et k\u00f5ndimise ajal ei valmistaks kandjale ebamugavusi ja asjade kotist k\u00e4ttesaamine oleks mugav. Vaata kasulikke nippe!\",\"breadcrumb\":{\"@id\":\"https:\/\/matkasport.ee\/blogi\/kuidas-oma-seljakotti-pakkida-matkatv\/#breadcrumb\"},\"inLanguage\":\"et\",\"potentialAction\":[{\"@type\":\"ReadAction\",\"target\":[\"https:\/\/matkasport.ee\/blogi\/kuidas-oma-seljakotti-pakkida-matkatv\/\"]}]},{\"@type\":\"BreadcrumbList\",\"@id\":\"https:\/\/matkasport.ee\/blogi\/kuidas-oma-seljakotti-pakkida-matkatv\/#breadcrumb\",\"itemListElement\":[{\"@type\":\"ListItem\",\"position\":1,\"name\":\"Home\",\"item\":\"https:\/\/matkasport.ee\/blogi\/\"},{\"@type\":\"ListItem\",\"position\":2,\"name\":\"Kuidas oma seljakotti pakkida. MATKaTV\"}]},{\"@type\":\"WebSite\",\"@id\":\"https:\/\/matkasport.ee\/blogi\/#website\",\"url\":\"https:\/\/matkasport.ee\/blogi\/\",\"name\":\"MATKaBLOGI\",\"description\":\"MATKaBLOGIS jagavad kogemusi ja n\u00f5uanded matkajad matkajatele\",\"publisher\":{\"@id\":\"https:\/\/matkasport.ee\/blogi\/#organization\"},\"potentialAction\":[{\"@type\":\"SearchAction\",\"target\":{\"@type\":\"EntryPoint\",\"urlTemplate\":\"https:\/\/matkasport.ee\/blogi\/?s={search_term_string}\"},\"query-input\":{\"@type\":\"PropertyValueSpecification\",\"valueRequired\":true,\"valueName\":\"search_term_string\"}}],\"inLanguage\":\"et\"},{\"@type\":\"Organization\",\"@id\":\"https:\/\/matkasport.ee\/blogi\/#organization\",\"name\":\"MATKaSPORT\",\"url\":\"https:\/\/matkasport.ee\/blogi\/\",\"logo\":{\"@type\":\"ImageObject\",\"inLanguage\":\"et\",\"@id\":\"https:\/\/matkasport.ee\/blogi\/#\/schema\/logo\/image\/\",\"url\":\"https:\/\/matkasport.ee\/blogi\/wp-content\/uploads\/2025\/01\/MATKASPORTlogo-133.png\",\"contentUrl\":\"https:\/\/matkasport.ee\/blogi\/wp-content\/uploads\/2025\/01\/MATKASPORTlogo-133.png\",\"width\":133,\"height\":50,\"caption\":\"MATKaSPORT\"},\"image\":{\"@id\":\"https:\/\/matkasport.ee\/blogi\/#\/schema\/logo\/image\/\"},\"sameAs\":[\"https:\/\/www.facebook.com\/MATKaSPORT\"]},{\"@type\":\"Person\",\"@id\":\"https:\/\/matkasport.ee\/blogi\/#\/schema\/person\/038329e06e7026239164332f19cecfed\",\"name\":\"MATKaTV\",\"image\":{\"@type\":\"ImageObject\",\"inLanguage\":\"et\",\"@id\":\"https:\/\/matkasport.ee\/blogi\/#\/schema\/person\/image\/\",\"url\":\"https:\/\/secure.gravatar.com\/avatar\/7cbfdf7706dbcb9b169d9ab640ea5cd044504a5087e7f4dba2bddf058e048295?s=96&d=mm&r=g\",\"contentUrl\":\"https:\/\/secure.gravatar.com\/avatar\/7cbfdf7706dbcb9b169d9ab640ea5cd044504a5087e7f4dba2bddf058e048295?s=96&d=mm&r=g\",\"caption\":\"MATKaTV\"},\"url\":\"https:\/\/matkasport.ee\/blogi\/author\/matkatv\/\"}]}<\/script>\n<!-- \/ Yoast SEO plugin. -->","yoast_head_json":{"title":"Kuidas oma seljakotti pakkida. MATKaTV | MATKaBLOGI","description":"Kuidas pakkida oma seljakott nii, et k\u00f5ndimise ajal ei valmistaks kandjale ebamugavusi ja asjade kotist k\u00e4ttesaamine oleks mugav. Vaata kasulikke nippe!","robots":{"index":"index","follow":"follow","max-snippet":"max-snippet:-1","max-image-preview":"max-image-preview:large","max-video-preview":"max-video-preview:-1"},"canonical":"https:\/\/matkasport.ee\/blogi\/kuidas-oma-seljakotti-pakkida-matkatv\/","og_locale":"et_EE","og_type":"article","og_title":"Kuidas oma seljakotti pakkida. MATKaTV | MATKaBLOGI","og_description":"Kuidas pakkida oma seljakott nii, et k\u00f5ndimise ajal ei valmistaks kandjale ebamugavusi ja asjade kotist k\u00e4ttesaamine oleks mugav. Vaata kasulikke nippe!","og_url":"https:\/\/matkasport.ee\/blogi\/kuidas-oma-seljakotti-pakkida-matkatv\/","og_site_name":"MATKaBLOGI","article_publisher":"https:\/\/www.facebook.com\/MATKaSPORT","article_published_time":"2024-04-12T07:02:10+00:00","article_modified_time":"2024-09-28T07:58:32+00:00","og_image":[{"url":"https:\/\/matkasport.ee\/blogi\/wp-content\/uploads\/2023\/06\/kuidas-pakkida-oma-seljakotti.png","type":"","width":"","height":""}],"author":"MATKaTV","twitter_card":"summary_large_image","twitter_misc":{"Written by":"MATKaTV","Est. reading time":"2 minutit"},"schema":{"@context":"https:\/\/schema.org","@graph":[{"@type":"Article","@id":"https:\/\/matkasport.ee\/blogi\/kuidas-oma-seljakotti-pakkida-matkatv\/#article","isPartOf":{"@id":"https:\/\/matkasport.ee\/blogi\/kuidas-oma-seljakotti-pakkida-matkatv\/"},"author":{"name":"MATKaTV","@id":"https:\/\/matkasport.ee\/blogi\/#\/schema\/person\/038329e06e7026239164332f19cecfed"},"headline":"Kuidas oma seljakotti pakkida. MATKaTV","datePublished":"2024-04-12T07:02:10+00:00","dateModified":"2024-09-28T07:58:32+00:00","mainEntityOfPage":{"@id":"https:\/\/matkasport.ee\/blogi\/kuidas-oma-seljakotti-pakkida-matkatv\/"},"wordCount":462,"publisher":{"@id":"https:\/\/matkasport.ee\/blogi\/#organization"},"articleSection":["Matkaseljakotid","MatkaTV"],"inLanguage":"et"},{"@type":"WebPage","@id":"https:\/\/matkasport.ee\/blogi\/kuidas-oma-seljakotti-pakkida-matkatv\/","url":"https:\/\/matkasport.ee\/blogi\/kuidas-oma-seljakotti-pakkida-matkatv\/","name":"Kuidas oma seljakotti pakkida. MATKaTV | MATKaBLOGI","isPartOf":{"@id":"https:\/\/matkasport.ee\/blogi\/#website"},"datePublished":"2024-04-12T07:02:10+00:00","dateModified":"2024-09-28T07:58:32+00:00","description":"Kuidas pakkida oma seljakott nii, et k\u00f5ndimise ajal ei valmistaks kandjale ebamugavusi ja asjade kotist k\u00e4ttesaamine oleks mugav. Vaata kasulikke nippe!","breadcrumb":{"@id":"https:\/\/matkasport.ee\/blogi\/kuidas-oma-seljakotti-pakkida-matkatv\/#breadcrumb"},"inLanguage":"et","potentialAction":[{"@type":"ReadAction","target":["https:\/\/matkasport.ee\/blogi\/kuidas-oma-seljakotti-pakkida-matkatv\/"]}]},{"@type":"BreadcrumbList","@id":"https:\/\/matkasport.ee\/blogi\/kuidas-oma-seljakotti-pakkida-matkatv\/#breadcrumb","itemListElement":[{"@type":"ListItem","position":1,"name":"Home","item":"https:\/\/matkasport.ee\/blogi\/"},{"@type":"ListItem","position":2,"name":"Kuidas oma seljakotti pakkida. MATKaTV"}]},{"@type":"WebSite","@id":"https:\/\/matkasport.ee\/blogi\/#website","url":"https:\/\/matkasport.ee\/blogi\/","name":"MATKaBLOGI","description":"MATKaBLOGIS jagavad kogemusi ja n\u00f5uanded matkajad matkajatele","publisher":{"@id":"https:\/\/matkasport.ee\/blogi\/#organization"},"potentialAction":[{"@type":"SearchAction","target":{"@type":"EntryPoint","urlTemplate":"https:\/\/matkasport.ee\/blogi\/?s={search_term_string}"},"query-input":{"@type":"PropertyValueSpecification","valueRequired":true,"valueName":"search_term_string"}}],"inLanguage":"et"},{"@type":"Organization","@id":"https:\/\/matkasport.ee\/blogi\/#organization","name":"MATKaSPORT","url":"https:\/\/matkasport.ee\/blogi\/","logo":{"@type":"ImageObject","inLanguage":"et","@id":"https:\/\/matkasport.ee\/blogi\/#\/schema\/logo\/image\/","url":"https:\/\/matkasport.ee\/blogi\/wp-content\/uploads\/2025\/01\/MATKASPORTlogo-133.png","contentUrl":"https:\/\/matkasport.ee\/blogi\/wp-content\/uploads\/2025\/01\/MATKASPORTlogo-133.png","width":133,"height":50,"caption":"MATKaSPORT"},"image":{"@id":"https:\/\/matkasport.ee\/blogi\/#\/schema\/logo\/image\/"},"sameAs":["https:\/\/www.facebook.com\/MATKaSPORT"]},{"@type":"Person","@id":"https:\/\/matkasport.ee\/blogi\/#\/schema\/person\/038329e06e7026239164332f19cecfed","name":"MATKaTV","image":{"@type":"ImageObject","inLanguage":"et","@id":"https:\/\/matkasport.ee\/blogi\/#\/schema\/person\/image\/","url":"https:\/\/secure.gravatar.com\/avatar\/7cbfdf7706dbcb9b169d9ab640ea5cd044504a5087e7f4dba2bddf058e048295?s=96&d=mm&r=g","contentUrl":"https:\/\/secure.gravatar.com\/avatar\/7cbfdf7706dbcb9b169d9ab640ea5cd044504a5087e7f4dba2bddf058e048295?s=96&d=mm&r=g","caption":"MATKaTV"},"url":"https:\/\/matkasport.ee\/blogi\/author\/matkatv\/"}]}},"post_mailing_queue_ids":[],"_links":{"self":[{"href":"https:\/\/matkasport.ee\/blogi\/wp-json\/wp\/v2\/posts\/19494","targetHints":{"allow":["GET"]}}],"collection":[{"href":"https:\/\/matkasport.ee\/blogi\/wp-json\/wp\/v2\/posts"}],"about":[{"href":"https:\/\/matkasport.ee\/blogi\/wp-json\/wp\/v2\/types\/post"}],"author":[{"embeddable":true,"href":"https:\/\/matkasport.ee\/blogi\/wp-json\/wp\/v2\/users\/14"}],"replies":[{"embeddable":true,"href":"https:\/\/matkasport.ee\/blogi\/wp-json\/wp\/v2\/comments?post=19494"}],"version-history":[{"count":7,"href":"https:\/\/matkasport.ee\/blogi\/wp-json\/wp\/v2\/posts\/19494\/revisions"}],"predecessor-version":[{"id":20360,"href":"https:\/\/matkasport.ee\/blogi\/wp-json\/wp\/v2\/posts\/19494\/revisions\/20360"}],"wp:attachment":[{"href":"https:\/\/matkasport.ee\/blogi\/wp-json\/wp\/v2\/media?parent=19494"}],"wp:term":[{"taxonomy":"category","embeddable":true,"href":"https:\/\/matkasport.ee\/blogi\/wp-json\/wp\/v2\/categories?post=19494"},{"taxonomy":"post_tag","embeddable":true,"href":"https:\/\/matkasport.ee\/blogi\/wp-json\/wp\/v2\/tags?post=19494"}],"curies":[{"name":"wp","href":"https:\/\/api.w.org\/{rel}","templated":true}]}}