{"id":19506,"date":"2023-05-31T11:49:05","date_gmt":"2023-05-31T08:49:05","guid":{"rendered":"https:\/\/matkasport.ee\/blogi\/?p=19506"},"modified":"2024-04-24T13:50:24","modified_gmt":"2024-04-24T10:50:24","slug":"roheliste-rattaretk-ida-virumaal-2023","status":"publish","type":"post","link":"https:\/\/matkasport.ee\/blogi\/roheliste-rattaretk-ida-virumaal-2023\/","title":{"rendered":"Roheliste Rattaretk Ida-Virumaal 2023. Riho lugu"},"content":{"rendered":"<div class=\"fusion-fullwidth fullwidth-box fusion-builder-row-1 nonhundred-percent-fullwidth non-hundred-percent-height-scrolling\" style=\"--awb-border-radius-top-left:0px;--awb-border-radius-top-right:0px;--awb-border-radius-bottom-right:0px;--awb-border-radius-bottom-left:0px;--awb-flex-wrap:wrap;\" ><div class=\"fusion-builder-row fusion-row\"><div class=\"fusion-layout-column fusion_builder_column fusion-builder-column-0 fusion_builder_column_1_1 1_1 fusion-one-full fusion-column-first fusion-column-last\" style=\"--awb-bg-size:cover;\"><div class=\"fusion-column-wrapper fusion-flex-column-wrapper-legacy\"><div class=\"fusion-text fusion-text-1\"><p>19.-21. mail sai v\u00f5imalikuks mul osaleda n\u00fc\u00fcdseks juba \u00fcsna pika traditsiooniga iga-aastasel Roheliste rattaretkel. Selle ettev\u00f5tmise juured ulatuvad tagasi Eesti taasiseseisvumis-eelsesse ajalookihistusse, t\u00e4psemalt 1988. aastasse. Toona oli rattaretke n\u00e4ol tegu protestiaktsiooniga Virumaale Toolsesse ja Kabalasse planeeritava fosforiidikaevanduse vastu. Ka t\u00e4nap\u00e4evased rattaretked on kantud rohelisest m\u00f5tteviisist. Mitmetes teele j\u00e4\u00e4vates peatuspunktides r\u00e4\u00e4givad asjatundjad p\u00f5nevatest loodusn\u00e4htustest v\u00f5i keskkonnaprobleemidest.<\/p>\n<p><img decoding=\"async\" class=\"alignright wp-image-20259 size-400\" src=\"https:\/\/matkasport.ee\/blogi\/wp-content\/uploads\/2023\/05\/roheliste-rattaretk-Ida-Virumaa-400x256.jpg\" alt=\"roheliste rattaretk Ida Virumaa\" width=\"400\" height=\"256\" srcset=\"https:\/\/matkasport.ee\/blogi\/wp-content\/uploads\/2023\/05\/roheliste-rattaretk-Ida-Virumaa-200x128.jpg 200w, https:\/\/matkasport.ee\/blogi\/wp-content\/uploads\/2023\/05\/roheliste-rattaretk-Ida-Virumaa-340x218.jpg 340w, https:\/\/matkasport.ee\/blogi\/wp-content\/uploads\/2023\/05\/roheliste-rattaretk-Ida-Virumaa-400x256.jpg 400w, https:\/\/matkasport.ee\/blogi\/wp-content\/uploads\/2023\/05\/roheliste-rattaretk-Ida-Virumaa-460x295.jpg 460w, https:\/\/matkasport.ee\/blogi\/wp-content\/uploads\/2023\/05\/roheliste-rattaretk-Ida-Virumaa-600x384.jpg 600w, https:\/\/matkasport.ee\/blogi\/wp-content\/uploads\/2023\/05\/roheliste-rattaretk-Ida-Virumaa.jpg 765w\" sizes=\"(max-width: 400px) 100vw, 400px\" \/><\/p>\n<p>Igal aastal toimub rattamatk erinevas Eesti otsas. Sel aastal j\u00f5udis rattaretk Ida-Virumaale. Kuna olen v\u00e4ga v\u00e4he sealkandis matkanud, siis tundus mulle matkast osav\u00f5tt ise\u00e4ranis atraktiivne. Kuigi minu enda jalgratas ei olnud rattaparandusest \u00f5igeks ajaks tagasi j\u00f5udnud, siis hea kolleeg Uku ei j\u00e4tnud mind h\u00e4tta ning laenas mulle enda rattatallist \u00fcht oma suurep\u00e4rastest raudhobudest. Samuti laenas <a href=\"https:\/\/matkasport.ee\/\" target=\"_blank\" rel=\"noopener\">MATKaSPORT<\/a> meile oma autot, millega sain koos kolleegide Uku ja Kristeliga oma rattad retke stardipaika toimetada. Stardipaik asus Kukrusel, mille j\u00e4rgi on saanud nime ka kohalik p\u00f5levkivi kukersiit. Tasapisi hakkas j\u00f5udma kohale see, kuiv\u00f5rd mastaapse \u00fcritusega on tegu. Autod paigutati laiali v\u00e4ga suurele maa-alale.<\/p>\n<p>Ratas, mille Ukult olin laenanud, veeres h\u00e4mmastavalt h\u00e4sti m\u00f6\u00f6da maanteed. See kompenseeris minu kehva f\u00fc\u00fcsilist rattavormi, mis oli tekkinud p\u00e4rast pikka pausi jalgrattaga s\u00f5itmisest. K\u00fcllalt ruttu keeras tee kruusateele. Keham\u00e4lust taaselustusid m\u00e4lestused, mida t\u00e4hendab kruusateel rattaga matkamine tagumiku jaoks&#8230; Tagumik sai veidi puhkust Ahtmes, kus teed olid v\u00e4ga ilusasti asfalteeritud. \u00dcldse oli Ahtme minu jaoks suur \u00fcllataja \u2013 v\u00e4ga puhas, kenad eramajad ning v\u00e4ga korras P\u00fcha Joosepi koguduse kirik. Kiriku ees olid k\u00f5rged m\u00e4nnid, mille alumised oksad olid \u00e4ra n\u00fcsitud. Kristelile meenutasid need palmipuid \ud83d\ude42<\/p>\n<p><img decoding=\"async\" class=\"size-400 wp-image-20263 alignleft\" src=\"https:\/\/matkasport.ee\/blogi\/wp-content\/uploads\/2023\/05\/Roheliste-rattaretk-Riho-ratas-400x256.jpg\" alt=\"Roheliste rattaretk Riho ratas\" width=\"400\" height=\"256\" srcset=\"https:\/\/matkasport.ee\/blogi\/wp-content\/uploads\/2023\/05\/Roheliste-rattaretk-Riho-ratas-200x128.jpg 200w, https:\/\/matkasport.ee\/blogi\/wp-content\/uploads\/2023\/05\/Roheliste-rattaretk-Riho-ratas-340x218.jpg 340w, https:\/\/matkasport.ee\/blogi\/wp-content\/uploads\/2023\/05\/Roheliste-rattaretk-Riho-ratas-400x256.jpg 400w, https:\/\/matkasport.ee\/blogi\/wp-content\/uploads\/2023\/05\/Roheliste-rattaretk-Riho-ratas-460x295.jpg 460w, https:\/\/matkasport.ee\/blogi\/wp-content\/uploads\/2023\/05\/Roheliste-rattaretk-Riho-ratas-600x384.jpg 600w, https:\/\/matkasport.ee\/blogi\/wp-content\/uploads\/2023\/05\/Roheliste-rattaretk-Riho-ratas.jpg 765w\" sizes=\"(max-width: 400px) 100vw, 400px\" \/><\/p>\n<p>Ratta seljast tulime maha ka Kosel \u00fche k\u00f5rge tuham\u00e4e juures, kus giid tuletas meelde, et mitmeid praeguseid linnu \u00fcldse poleks \u00fcldse tekkinudki, kui poleks olnud p\u00f5levkivikaevandust. L\u00f5unaks j\u00f5udsime p\u00e4rale Kose k\u00fclla, kus oli v\u00f5imalik teha l\u00f5unapaus. Nii suure hulga rahva toitlustamine n\u00e4gi v\u00e4lja nagu festivalil \u2013 pikad sabad s\u00f6\u00f6gij\u00e4rjekorras, maitsev toit pika laua taga, seej\u00e4rel pikad sabad tualetij\u00e4rjekorras. K\u00f5ht t\u00e4is, meeleolu hea. Tuju t\u00f5stis veelgi meeleolukas programm muusika ja loodustarkuse jagamisega. Sain targemaks, et maailmas elutseb selline mutukas nagu saare-salehundlane, mis \u00f5gib saarepuid nii, et n\u00e4iteks USA-s on ta h\u00e4vitanud miljoneid puid. Peagi on teda oodata ka Eestisse. OK, see viimane nii palju meeleolu ei t\u00f5stnud.<\/p>\n<p>Rada j\u00e4tkus kruusasel teel, ilm oli v\u00e4ga soe. N\u00e4gu praadis p\u00e4ikese k\u00e4es. Minu veevarud hakkasid otsa saama, v\u00f5tsin v\u00e4hem kui liitri esimeseks p\u00e4evaks kaasa. Seda oli ilmselgelt liiga v\u00e4he. \u00d5nneks polnud enam v\u00e4ga pikka teed minna, pealegi sai osta \u00fchelt tee \u00e4\u00e4res seisvalt autolt kosutuseks j\u00e4\u00e4tist. Kehale ja vaimule olid kosutuseks puhkepausid kohtades, kus \u00fcks v\u00f5i teine teadis r\u00e4\u00e4kida Viivikonna asula v\u00f5i muu p\u00f5neva paiga kohta. V\u00f5i n\u00e4iteks lendorava kohta. Zooloog Uudo Timm esitas viktoriinik\u00fcsimuse: \u201eMis materjalist teeb lendorav endale pesa?\u201d Ta andis vihjeks, et see materjal ei m\u00e4rgu. Uku mu k\u00f5rval \u00fctles, et Gore-Texist \ud83d\ude00 \u00d5ige vastus oli samblik. See imab vee enda sisse, aga pealt j\u00e4\u00e4b kuivaks. Inspiratsiooniks kodumaistele tekstiilitoodete arendajatele? V\u00f5iks \u00e4ra patentida \u2013 Flying-Squirrel-Tex\u00ae n\u00e4iteks?<\/p>\n<p><img decoding=\"async\" class=\"alignright wp-image-20267 size-400\" src=\"https:\/\/matkasport.ee\/blogi\/wp-content\/uploads\/2023\/05\/Uudo-Timm-k\u00f5nelemas-lendoravatest-400x256.jpg\" alt=\"Uudo Timm k\u00f5nelemas lendoravatest\" width=\"400\" height=\"256\" srcset=\"https:\/\/matkasport.ee\/blogi\/wp-content\/uploads\/2023\/05\/Uudo-Timm-k\u00f5nelemas-lendoravatest-200x128.jpg 200w, https:\/\/matkasport.ee\/blogi\/wp-content\/uploads\/2023\/05\/Uudo-Timm-k\u00f5nelemas-lendoravatest-340x218.jpg 340w, https:\/\/matkasport.ee\/blogi\/wp-content\/uploads\/2023\/05\/Uudo-Timm-k\u00f5nelemas-lendoravatest-400x256.jpg 400w, https:\/\/matkasport.ee\/blogi\/wp-content\/uploads\/2023\/05\/Uudo-Timm-k\u00f5nelemas-lendoravatest-460x295.jpg 460w, https:\/\/matkasport.ee\/blogi\/wp-content\/uploads\/2023\/05\/Uudo-Timm-k\u00f5nelemas-lendoravatest-600x384.jpg 600w, https:\/\/matkasport.ee\/blogi\/wp-content\/uploads\/2023\/05\/Uudo-Timm-k\u00f5nelemas-lendoravatest.jpg 765w\" sizes=\"(max-width: 400px) 100vw, 400px\" \/><\/p>\n<p>P\u00e4rast \u00fchte pudelikaela, mis tekkis kitsal mudasel rajal\u00f5igul, j\u00f5udsime Sinim\u00e4gede memoriaalil juurde. Ajaloolane K\u00fcllo Arjakas aitas tuua ps\u00fchholoogilise perspektiivi m\u00f5istmaks neid eestlasi, kes Teise maailmas\u00f5ja keeristes olid sattunud kas siis sakslaste v\u00f5i venelaste poolele. Sellises eksistentsiaalses piirsituatsioonis m\u00f5tlevad inimesed mitte niiv\u00f5rd kodumaale ega ka mitte sakslaste v\u00f5i venelaste v\u00f5idule kaasaaitamisele. Pigem m\u00f5eldakse eesk\u00e4tt iseendale ja oma k\u00f5ige l\u00e4hedasematele, et kuidas olukorrast eluga v\u00e4lja tulla. Ja et sellises situatsioonis saab loota ainult kaasv\u00f5itlejale, r\u00fchmakaaslastele. \u00c4\u00e4rmisel juhul suudetakse m\u00f5elda kompanii suuruse \u00fcksuse tasemel.<\/p>\n<p>L\u00f5puks j\u00f5udsime p\u00e4rast 49 km Sinim\u00e4el oma laagripaika. Rekkadelt laaditi m\u00e4gedena maha k\u00f5ikide kotid. Olles oma kotid leidnud, panime Uku ja Kristeliga telgid p\u00fcsti. Laagriplats muutus minu jaoks peagi justkui telgin\u00e4ituseks, kus sai oma silmaga p\u00e4ris elus n\u00e4ha ja imestada, kui palju eriv\u00e4rvilisi, eriilmelisi telke maailmas leidub.<\/p>\n<p>K\u00f5ht taas t\u00e4is s\u00f6\u00f6dud, j\u00e4tkus \u00f5htu laagripaigas mitmete \u00fcritustega. Oli v\u00f5imalus minna vaatama Terminaatori kontserti, aga olin \u00fcsna v\u00e4sinud ja pigem tahtsin rahu, istuda kuskil vaikselt omaette elu ja olu \u00fcle mediteerida. Pigem vaatasin s\u00f5jateemalist filmi \u201e1944\u201d. Sellele eelnes Leo Kunnase etteaste Eesti-Venemaa suhetest l\u00e4bi aegade. See teema haakus minuga kuidagi paremini, olin ju p\u00e4ev otsa olnud m\u00f5tetes Eesti l\u00e4hiajaloo lainetel. Kunnas t\u00f5i v\u00e4lja Venemaa poliitilised eesm\u00e4rgid kahes p\u00f5hilises osas: taastada impeerium ning purustada maailmakord, kus L\u00e4\u00e4s domineerib. Ainult et eesm\u00e4rgi t\u00e4itmisega on raskusi, sest Venemaa ohvitserkond on \u00fcles ehitatud \u00fchiskonna p\u00f5hjakihist ning see on loonud omakorda s\u00f5jav\u00e4elise s\u00fcsteemi, milleks on \u0431\u0430\u0440\u0434\u0430\u043a (\u2019korralagedus\u2019).<img decoding=\"async\" class=\"size-400 wp-image-20270 alignleft\" src=\"https:\/\/matkasport.ee\/blogi\/wp-content\/uploads\/2023\/05\/Roheliste-rattaretke-telklinnak-400x256.jpg\" alt=\"Roheliste rattaretke telklinnak\" width=\"400\" height=\"256\" srcset=\"https:\/\/matkasport.ee\/blogi\/wp-content\/uploads\/2023\/05\/Roheliste-rattaretke-telklinnak-200x128.jpg 200w, https:\/\/matkasport.ee\/blogi\/wp-content\/uploads\/2023\/05\/Roheliste-rattaretke-telklinnak-340x218.jpg 340w, https:\/\/matkasport.ee\/blogi\/wp-content\/uploads\/2023\/05\/Roheliste-rattaretke-telklinnak-400x256.jpg 400w, https:\/\/matkasport.ee\/blogi\/wp-content\/uploads\/2023\/05\/Roheliste-rattaretke-telklinnak-460x295.jpg 460w, https:\/\/matkasport.ee\/blogi\/wp-content\/uploads\/2023\/05\/Roheliste-rattaretke-telklinnak-600x384.jpg 600w, https:\/\/matkasport.ee\/blogi\/wp-content\/uploads\/2023\/05\/Roheliste-rattaretke-telklinnak.jpg 765w\" sizes=\"(max-width: 400px) 100vw, 400px\" \/><\/p>\n<p>Uus p\u00e4ev algas nagu s\u00f5jav\u00e4es \u2013 pika tualetij\u00e4rjekorraga. Sellistel suurtel rahva\u00fcritustel saab paremini aru, kui sarnaselt on <em>homo sapiens<\/em>\u00a0isendid f\u00fcsioloogiliselt \u00fcles ehitatud. Vetsu minek on \u00fcks esimesi asju, mida ta hommikul \u00e4rgates teha tahab. Siin laagris aga oli inimesi rohkem kui s\u00f5jav\u00e4es. Kristel sai rekordiks 21 minutit j\u00e4rjekorras passida. Mul oli k\u00f5ige pikem aeg, t\u00e4pselt 19 minutit. Stopperiga m\u00f5\u00f5tsin.<\/p>\n<p>Seej\u00e4rel istutasin oma valusa tagumiku taas sadulale. \u00d5nneks oli teisel p\u00e4eval suur osa teest asfaltkattega teel. Suundusime Narva l\u00e4hedal oleva \u201ehelesinise laguuni\u201d poole. Nende sulniste vaadete taga on mitte nii sulnis lugu: tegu on settebasseinidega, mis kuulub p\u00f5levkivi p\u00f5letamisel tekkiva tuha \u00e4rastuss\u00fcsteemi juurde. Katelde alt uhutakse veega pumplatesse ning sealt pumbatakse tuhane vesi torusid m\u00f6\u00f6da tuhav\u00e4ljale. Tuhav\u00e4ljal tuhk kuivab, moodustub monoliitne tsemendilaadne kivim. \u00dcle j\u00e4\u00e4v vesi liigub settebasseinidesse, kust see vesi pumbatakse tagasi elektrijaamadesse. Et siis seda vett uuesti samal eesm\u00e4rgil kasutada. Roheline m\u00f5tteviis nii-\u00f6elda. Helesinise v\u00e4rvuse annab aga settetiigi veele selles h\u00f5ljuvad lubjakivi osakesed, mis peegelduvad p\u00e4ikese k\u00e4es. Vesi ise on leeliseline ning seal ujumine pole tervislik.<\/p>\n<p>J\u00f5udsime n\u00fc\u00fcd juba Narva k\u00fclje alla ning k\u00fclastasime taas \u00fcht eufemistliku nimetusega vaatamisv\u00e4\u00e4rset piirkonda \u2013 Narva Veneetsiat. See sai ilmselt laiemalt tuntuks just t\u00e4nu Nublule, kelle muusikavideo \u201ef\u00fcr Oksana\u201d oli filmitud samuti just sealsamas. Arhitektuuriliselt on tegu Narva veehoidla kanalite \u00e4\u00e4res olevate paadikuuridega, mis on \u00fcmber ehitatud kahekorruselisteks suvilateks. Ja tundub, et ehitatud said need nii nagu iga\u00fchel fantaasiat oli ning millist materjali parasjagu k\u00e4ep\u00e4rast leidus \u2013 \u00fchel suvilaks ehitatud majakesel oli aknaks pandud pesumasina luuk \ud83d\ude42 Aga just oma n\u00e4ilise arhitektuurilise eklektilisusega on Narva Veneetsias ometigi mingi tabamatu s\u00fcsteem, see on lihtsalt nii v\u00f5luvalt ja fantaasiarikkalt korrastatud kaos. Kui oleks v\u00f5imalus viibida Narvas hirmkallis hotellis v\u00f5i siis rentida paariks p\u00e4evaks \u00fcks nendest armsatest suvilatest, siis ilma kahtluseta valiksin viimase. \u00c4riidee, kallid narvakad!<\/p>\n<p>Ka oli rattamatka osalistele valla Kreenholmi manufaktuur. Kohe nii valla, et sai seal sees jalgratastega s\u00f5ita. See mitte ainult ei tundunud kolossaalne, vaid oli seda ka numbrites. Seal olla olnud t\u00f6\u00f6lisi hiilgeaegadel 10 000 kanti. Hakkasin fantaseerima, et kui tuttavad said nad omavahel olla&#8230; Pole v\u00e4listatud, et hoone \u00fches otsas j\u00f5udis v\u00e4lja kujuneda mingi oma sisekeel, mingid omad v\u00e4ljendid, millest manufaktuuri teises otsas polnud t\u00f6\u00f6lised kuuldudki, kuna ei puutunud \u00fcksteisega kokku&#8230;\u00a0<img decoding=\"async\" class=\"size-400 wp-image-20272 alignright\" src=\"https:\/\/matkasport.ee\/blogi\/wp-content\/uploads\/2023\/05\/Kreenholmi-manufaktuur-400x256.jpg\" alt=\"Kreenholmi manufaktuur\" width=\"400\" height=\"256\" srcset=\"https:\/\/matkasport.ee\/blogi\/wp-content\/uploads\/2023\/05\/Kreenholmi-manufaktuur-200x128.jpg 200w, https:\/\/matkasport.ee\/blogi\/wp-content\/uploads\/2023\/05\/Kreenholmi-manufaktuur-340x218.jpg 340w, https:\/\/matkasport.ee\/blogi\/wp-content\/uploads\/2023\/05\/Kreenholmi-manufaktuur-400x256.jpg 400w, https:\/\/matkasport.ee\/blogi\/wp-content\/uploads\/2023\/05\/Kreenholmi-manufaktuur-460x295.jpg 460w, https:\/\/matkasport.ee\/blogi\/wp-content\/uploads\/2023\/05\/Kreenholmi-manufaktuur-600x384.jpg 600w, https:\/\/matkasport.ee\/blogi\/wp-content\/uploads\/2023\/05\/Kreenholmi-manufaktuur.jpg 765w\" sizes=\"(max-width: 400px) 100vw, 400px\" \/><\/p>\n<p>L\u00f5unat s\u00f5ime Vassili Gerassimovi nimelises pargis. Narva linnapea Katri Raik tervitas seal k\u00f5nega k\u00f5iki rattureid. Minu jaoks oli Narvas suurim \u00fcllatus aga sealsamas \u00fcsna hooletusse j\u00e4etud v\u00f5imsate sammastega Vassili Gerassimovi nimeline kultuuripalee. Polnud sellisest majast \u00fcldse kuulnudki&#8230; Kui t\u00e4htis pidi olema kunagi Narvas kultuur&#8230; Millistes lademetes pidi olema Narvas kultuuri, et selle tarbeks selline majam\u00fcrakas ehitati&#8230; Kuigi see n\u00e4eb v\u00e4lja antiikne, ehitati see alles aastal 1957.<\/p>\n<p>Kere kinnitatud, l\u00e4ks s\u00f5it edasi Narva-J\u00f5esuu poole, kus ma pole veel kunagi k\u00e4inud. Tee peale j\u00e4i veel p\u00e4evapoliitilise tuntusega koht, kus tanki asemel olid s\u00fcdamekujulise alana kaetud nelgid. Samuti oli v\u00e4ga p\u00f5nev vaatamisv\u00e4\u00e4rsus \u00fcks konnatiik, kus kontsert oli n\u00f5nda vali, et k\u00f5rvad pidid peaaegu lukku j\u00e4\u00e4ma. Narva-J\u00f5esuus r\u00e4\u00e4kis Madis Tuuder juugendstiilis kuursaali juures kuursaali ajaloost ja ebaselgest tulevikust. Raha on linnal v\u00e4he, et seda suurt hoonet elustada&#8230; Ehkki Narva-J\u00f5esuu hiilgeajad j\u00e4\u00e4vad kuurortlinnana aastak\u00fcmnete taha, kui Peterburi intelligents armastas seal suvitada, siis endistviisi oli aimata selle linna p\u00fc\u00fcdlusi-ambitsioone taastada oma kuulsus kuurortlinnana. No ja p\u00e4ris kindlasti kogub aga populaarsust Ida-Virumaa ainus nudistide rand, mis asub just Narva-J\u00f5esuus&#8230;<\/p>\n<p>Tagasi telklaagrisse j\u00f5udes katsetasin \u00e4ra ka enda piiritusp\u00f5leti v\u00f5imekuse. Kasutasin seekord k\u00fctusena tahke piirituse tablette. \u00dctleme nii \u2013 aega see v\u00f5tab, kannatust see n\u00f5uab, kui tahad sellisel viisil vett keema ajada. Samal ajal saab aga tegeleda muude asjadega. Ukul tuli hea idee kasutada autokummi p\u00f5leti jaoks tuulevarjuna.<\/p>\n<p>Kolmanda p\u00e4eva hommikul pakkisime kokku k\u00f5ik asjad, mida rattas\u00f5idu ajal vaja ei l\u00e4he ning andsime need \u00e4ra, et saada asjad k\u00e4tte uuesti Kukruse m\u00f5isa juures. Ilm oli endiselt v\u00e4ga m\u00f5nusasti soe. Kuna osa retkest kulges m\u00f6\u00f6da ranniku\u00e4\u00e4rt, siis leidus ka rajal\u00f5ike, kus \u00f5hk oli jahedam. Ilusaid vaateid jagus k\u00f5ikjal. Mitte ainult looduslikumas keskkonnas. Ka Sillam\u00e4el oli v\u00e4ga uhke rannapromenaad oma rannakohvikutega ning kauni vaatega merele, kus oli parasjagu k\u00fcmneid luikesid. Ennel\u00f5una paiku j\u00f5udsin k\u00fclastada P\u00fchaj\u00f5e kirikut, mille \u00f5petaja v\u00f5ttis lahkesti jutustada kiriku ajaloost ja tegemistest. Ega p\u00e4\u00e4senud seegi kirik n\u00f5ukogude v\u00f5imuga kaasnevast raskustest. \u00dcks kummaline seik\u2013 n\u00f5ukogude ajal v\u00f5\u00f5bati kiriku armulaua karikas roheliseks ning seda kasutati tuhatoosina. Praegu on aga on see taas kasutusel armulaua karikana.\u00a0<img decoding=\"async\" class=\"size-400 wp-image-20273 alignleft\" src=\"https:\/\/matkasport.ee\/blogi\/wp-content\/uploads\/2023\/05\/Roheliste-rattaretk-vaade-400x256.jpg\" alt=\"Roheliste rattaretk vaade\" width=\"400\" height=\"256\" srcset=\"https:\/\/matkasport.ee\/blogi\/wp-content\/uploads\/2023\/05\/Roheliste-rattaretk-vaade-200x128.jpg 200w, https:\/\/matkasport.ee\/blogi\/wp-content\/uploads\/2023\/05\/Roheliste-rattaretk-vaade-340x218.jpg 340w, https:\/\/matkasport.ee\/blogi\/wp-content\/uploads\/2023\/05\/Roheliste-rattaretk-vaade-400x256.jpg 400w, https:\/\/matkasport.ee\/blogi\/wp-content\/uploads\/2023\/05\/Roheliste-rattaretk-vaade-460x295.jpg 460w, https:\/\/matkasport.ee\/blogi\/wp-content\/uploads\/2023\/05\/Roheliste-rattaretk-vaade-600x384.jpg 600w, https:\/\/matkasport.ee\/blogi\/wp-content\/uploads\/2023\/05\/Roheliste-rattaretk-vaade.jpg 765w\" sizes=\"(max-width: 400px) 100vw, 400px\" \/><\/p>\n<p>Toilasse j\u00f5udes tuli mulle \u00fcllatuseks Oru park P\u00fchaj\u00f5e \u00fcrgorus. See on t\u00f5esti v\u00e4ga kaunis, hoolitsetud, rohkete puuliikidega ning oma hollandi p\u00e4rna alleega. Org ise on p\u00f5hjatult s\u00fcgav. Toila laululaval sai puhata, s\u00fc\u00fca, esines Lenna Kuurmaa&#8230; Ja sai taas pikalt tualeti sabas olla. Ma arvan, et ligi tund aega v\u00f5is k\u00fcll kokku minna kogu rattaretke jooksul tualetisabades seismise peale. Lisaks veel toidusabad. Koti k\u00e4ttesaamise sabad. N\u00f5ukaaeg tuleb meelde&#8230; Kui nostalgiline&#8230; Aga \u00fcks oluline n\u00fcansierinevus v\u00f5rreldes n\u00f5ukaajaga \u2013 sabas seismise ajal saan t\u00e4nap\u00e4eval nutitelefonis kogu maailmale ligi. Saan suhelda oma s\u00f5pradega, kus iganes maailma otsas ka ei paikneks s\u00f5bra enda v\u00e4ltimatu saba.<\/p>\n<p>Viimane rajal\u00f5ik Toilast Kukruse m\u00f5isani oli \u00fcsna lihtne maantees\u00f5it. V\u00e4lja arvatud \u00fcks v\u00e4ga killustikune l\u00f5ik, kus tuli ka rattalt kukkumisi ette. Ja v\u00e4lja arvatud \u00fcks l\u00f5ik kohe Toila laululavalt \u00fcles m\u00e4kke, mis v\u00f5ttis mu nii v\u00f5hmale, et pidin rattalt maha tulema. N\u00e4ost \u00fcleni higine ja punane v\u00f5i p\u00e4ikesepruun&#8230; Ma ei teagi, mis&#8230; Ja just selle l\u00f5igu juures p\u00fc\u00fcdis telemees mu purki, et kogu Eesti seda n\u00e4eks. Ja just seda l\u00f5iku n\u00e4gigi mu \u00fclemus oma kodus t\u00e4iesti juhtumisi telekast. Olin t\u00f5epoolest p\u00e4ikese poolt l\u00e4bi k\u00fcpsetatud. Sain sellest ise aru alles siis, kui peatusin autoga koduteel \u00fche bensiinitankla juures, et n\u00e4gu puhtaks pesta. Oh \u00f5udust! P\u00e4evitus p\u00e4evituseks, kuid p\u00e4ikeseprillid eest v\u00f5ttes valendasid mulle peeglist vastu heledad silma\u00fcmbrised&#8230; Sattusin paanikasse, et kuidas ma homme t\u00f6\u00f6l olles sellise \u201eomap\u00e4rase\u201d p\u00e4evitusega klientide ees suhtlen&#8230; Olin v\u00e4sinud ja siiski v\u00e4ga rahul, et sain selle rattaretke jooksul Ida-Virumaaga tuttavamaks. Oli mitmekesine matk \u2013 sai tutvust teha nii sealse loodusmaastikuga kui ka asulatega. Ait\u00e4h rattaretke korraldajatele ning suured t\u00e4nud muidugi ka Matkaspordile, t\u00e4nu kellele sain \u00fcldse retkel osaleda! Ja Uku! Ait\u00e4h, et laenasid mulle nii vinge ratta!<\/p>\n<\/div><div class=\"fusion-clearfix\"><\/div><\/div><\/div><\/div><\/div>\n","protected":false},"excerpt":{"rendered":"","protected":false},"author":60,"featured_media":20258,"comment_status":"open","ping_status":"open","sticky":false,"template":"","format":"standard","meta":{"footnotes":""},"categories":[418,49],"tags":[],"class_list":["post-19506","post","type-post","status-publish","format-standard","has-post-thumbnail","hentry","category-jalgrattamatk","category-jutud"],"yoast_head":"<!-- This site is optimized with the Yoast SEO plugin v27.0 - https:\/\/yoast.com\/product\/yoast-seo-wordpress\/ -->\n<title>Roheliste Rattaretk Ida-Virumaal 2023. Riho lugu | MATKaBLOGI<\/title>\n<meta name=\"description\" content=\"19.-21. mail sai v\u00f5imalikuks mul osaleda n\u00fc\u00fcdseks juba \u00fcsna pika traditsiooniga iga-aastasel Roheliste rattaretkel. Loe l\u00e4hemalt!\" \/>\n<meta name=\"robots\" content=\"index, follow, max-snippet:-1, max-image-preview:large, max-video-preview:-1\" \/>\n<link rel=\"canonical\" href=\"https:\/\/matkasport.ee\/blogi\/roheliste-rattaretk-ida-virumaal-2023\/\" \/>\n<meta property=\"og:locale\" content=\"et_EE\" \/>\n<meta property=\"og:type\" content=\"article\" \/>\n<meta property=\"og:title\" content=\"Roheliste Rattaretk Ida-Virumaal 2023. Riho lugu | MATKaBLOGI\" \/>\n<meta property=\"og:description\" content=\"19.-21. mail sai v\u00f5imalikuks mul osaleda n\u00fc\u00fcdseks juba \u00fcsna pika traditsiooniga iga-aastasel Roheliste rattaretkel. Loe l\u00e4hemalt!\" \/>\n<meta property=\"og:url\" content=\"https:\/\/matkasport.ee\/blogi\/roheliste-rattaretk-ida-virumaal-2023\/\" \/>\n<meta property=\"og:site_name\" content=\"MATKaBLOGI\" \/>\n<meta property=\"article:publisher\" content=\"https:\/\/www.facebook.com\/MATKaSPORT\" \/>\n<meta property=\"article:published_time\" content=\"2023-05-31T08:49:05+00:00\" \/>\n<meta property=\"article:modified_time\" content=\"2024-04-24T10:50:24+00:00\" \/>\n<meta property=\"og:image\" content=\"https:\/\/matkasport.ee\/blogi\/wp-content\/uploads\/2024\/04\/Roheliste-rattaretk-Ida-Virumaa-2023.jpg\" \/>\n\t<meta property=\"og:image:width\" content=\"765\" \/>\n\t<meta property=\"og:image:height\" content=\"490\" \/>\n\t<meta property=\"og:image:type\" content=\"image\/jpeg\" \/>\n<meta name=\"author\" content=\"Riho Alla\" \/>\n<meta name=\"twitter:card\" content=\"summary_large_image\" \/>\n<meta name=\"twitter:label1\" content=\"Written by\" \/>\n\t<meta name=\"twitter:data1\" content=\"Riho Alla\" \/>\n\t<meta name=\"twitter:label2\" content=\"Est. reading time\" \/>\n\t<meta name=\"twitter:data2\" content=\"11 minutit\" \/>\n<script type=\"application\/ld+json\" class=\"yoast-schema-graph\">{\"@context\":\"https:\/\/schema.org\",\"@graph\":[{\"@type\":\"Article\",\"@id\":\"https:\/\/matkasport.ee\/blogi\/roheliste-rattaretk-ida-virumaal-2023\/#article\",\"isPartOf\":{\"@id\":\"https:\/\/matkasport.ee\/blogi\/roheliste-rattaretk-ida-virumaal-2023\/\"},\"author\":{\"name\":\"Riho Alla\",\"@id\":\"https:\/\/matkasport.ee\/blogi\/#\/schema\/person\/5538bb8d8d55893ca87c533231b01a89\"},\"headline\":\"Roheliste Rattaretk Ida-Virumaal 2023. Riho lugu\",\"datePublished\":\"2023-05-31T08:49:05+00:00\",\"dateModified\":\"2024-04-24T10:50:24+00:00\",\"mainEntityOfPage\":{\"@id\":\"https:\/\/matkasport.ee\/blogi\/roheliste-rattaretk-ida-virumaal-2023\/\"},\"wordCount\":2156,\"commentCount\":0,\"publisher\":{\"@id\":\"https:\/\/matkasport.ee\/blogi\/#organization\"},\"image\":{\"@id\":\"https:\/\/matkasport.ee\/blogi\/roheliste-rattaretk-ida-virumaal-2023\/#primaryimage\"},\"thumbnailUrl\":\"https:\/\/matkasport.ee\/blogi\/wp-content\/uploads\/2024\/04\/Roheliste-rattaretk-Ida-Virumaa-2023.jpg\",\"articleSection\":[\"Jalgrattamatk\",\"Jutud\"],\"inLanguage\":\"et\"},{\"@type\":\"WebPage\",\"@id\":\"https:\/\/matkasport.ee\/blogi\/roheliste-rattaretk-ida-virumaal-2023\/\",\"url\":\"https:\/\/matkasport.ee\/blogi\/roheliste-rattaretk-ida-virumaal-2023\/\",\"name\":\"Roheliste Rattaretk Ida-Virumaal 2023. Riho lugu | MATKaBLOGI\",\"isPartOf\":{\"@id\":\"https:\/\/matkasport.ee\/blogi\/#website\"},\"primaryImageOfPage\":{\"@id\":\"https:\/\/matkasport.ee\/blogi\/roheliste-rattaretk-ida-virumaal-2023\/#primaryimage\"},\"image\":{\"@id\":\"https:\/\/matkasport.ee\/blogi\/roheliste-rattaretk-ida-virumaal-2023\/#primaryimage\"},\"thumbnailUrl\":\"https:\/\/matkasport.ee\/blogi\/wp-content\/uploads\/2024\/04\/Roheliste-rattaretk-Ida-Virumaa-2023.jpg\",\"datePublished\":\"2023-05-31T08:49:05+00:00\",\"dateModified\":\"2024-04-24T10:50:24+00:00\",\"description\":\"19.-21. mail sai v\u00f5imalikuks mul osaleda n\u00fc\u00fcdseks juba \u00fcsna pika traditsiooniga iga-aastasel Roheliste rattaretkel. Loe l\u00e4hemalt!\",\"breadcrumb\":{\"@id\":\"https:\/\/matkasport.ee\/blogi\/roheliste-rattaretk-ida-virumaal-2023\/#breadcrumb\"},\"inLanguage\":\"et\",\"potentialAction\":[{\"@type\":\"ReadAction\",\"target\":[\"https:\/\/matkasport.ee\/blogi\/roheliste-rattaretk-ida-virumaal-2023\/\"]}]},{\"@type\":\"ImageObject\",\"inLanguage\":\"et\",\"@id\":\"https:\/\/matkasport.ee\/blogi\/roheliste-rattaretk-ida-virumaal-2023\/#primaryimage\",\"url\":\"https:\/\/matkasport.ee\/blogi\/wp-content\/uploads\/2024\/04\/Roheliste-rattaretk-Ida-Virumaa-2023.jpg\",\"contentUrl\":\"https:\/\/matkasport.ee\/blogi\/wp-content\/uploads\/2024\/04\/Roheliste-rattaretk-Ida-Virumaa-2023.jpg\",\"width\":765,\"height\":490,\"caption\":\"Roheliste rattaretk Ida Virumaa 2023\"},{\"@type\":\"BreadcrumbList\",\"@id\":\"https:\/\/matkasport.ee\/blogi\/roheliste-rattaretk-ida-virumaal-2023\/#breadcrumb\",\"itemListElement\":[{\"@type\":\"ListItem\",\"position\":1,\"name\":\"Home\",\"item\":\"https:\/\/matkasport.ee\/blogi\/\"},{\"@type\":\"ListItem\",\"position\":2,\"name\":\"Roheliste Rattaretk Ida-Virumaal 2023. Riho lugu\"}]},{\"@type\":\"WebSite\",\"@id\":\"https:\/\/matkasport.ee\/blogi\/#website\",\"url\":\"https:\/\/matkasport.ee\/blogi\/\",\"name\":\"MATKaBLOGI\",\"description\":\"MATKaBLOGIS jagavad kogemusi ja n\u00f5uanded matkajad matkajatele\",\"publisher\":{\"@id\":\"https:\/\/matkasport.ee\/blogi\/#organization\"},\"potentialAction\":[{\"@type\":\"SearchAction\",\"target\":{\"@type\":\"EntryPoint\",\"urlTemplate\":\"https:\/\/matkasport.ee\/blogi\/?s={search_term_string}\"},\"query-input\":{\"@type\":\"PropertyValueSpecification\",\"valueRequired\":true,\"valueName\":\"search_term_string\"}}],\"inLanguage\":\"et\"},{\"@type\":\"Organization\",\"@id\":\"https:\/\/matkasport.ee\/blogi\/#organization\",\"name\":\"MATKaSPORT\",\"url\":\"https:\/\/matkasport.ee\/blogi\/\",\"logo\":{\"@type\":\"ImageObject\",\"inLanguage\":\"et\",\"@id\":\"https:\/\/matkasport.ee\/blogi\/#\/schema\/logo\/image\/\",\"url\":\"https:\/\/matkasport.ee\/blogi\/wp-content\/uploads\/2025\/01\/MATKASPORTlogo-133.png\",\"contentUrl\":\"https:\/\/matkasport.ee\/blogi\/wp-content\/uploads\/2025\/01\/MATKASPORTlogo-133.png\",\"width\":133,\"height\":50,\"caption\":\"MATKaSPORT\"},\"image\":{\"@id\":\"https:\/\/matkasport.ee\/blogi\/#\/schema\/logo\/image\/\"},\"sameAs\":[\"https:\/\/www.facebook.com\/MATKaSPORT\"]},{\"@type\":\"Person\",\"@id\":\"https:\/\/matkasport.ee\/blogi\/#\/schema\/person\/5538bb8d8d55893ca87c533231b01a89\",\"name\":\"Riho Alla\",\"image\":{\"@type\":\"ImageObject\",\"inLanguage\":\"et\",\"@id\":\"https:\/\/matkasport.ee\/blogi\/#\/schema\/person\/image\/\",\"url\":\"https:\/\/secure.gravatar.com\/avatar\/aa000ed16fd6b0b6afeac7b0ac2c9051570dd1b3a32849aad7b4286b3ff4b22e?s=96&d=mm&r=g\",\"contentUrl\":\"https:\/\/secure.gravatar.com\/avatar\/aa000ed16fd6b0b6afeac7b0ac2c9051570dd1b3a32849aad7b4286b3ff4b22e?s=96&d=mm&r=g\",\"caption\":\"Riho Alla\"},\"url\":\"https:\/\/matkasport.ee\/blogi\/author\/riho-alla\/\"}]}<\/script>\n<!-- \/ Yoast SEO plugin. -->","yoast_head_json":{"title":"Roheliste Rattaretk Ida-Virumaal 2023. Riho lugu | MATKaBLOGI","description":"19.-21. mail sai v\u00f5imalikuks mul osaleda n\u00fc\u00fcdseks juba \u00fcsna pika traditsiooniga iga-aastasel Roheliste rattaretkel. Loe l\u00e4hemalt!","robots":{"index":"index","follow":"follow","max-snippet":"max-snippet:-1","max-image-preview":"max-image-preview:large","max-video-preview":"max-video-preview:-1"},"canonical":"https:\/\/matkasport.ee\/blogi\/roheliste-rattaretk-ida-virumaal-2023\/","og_locale":"et_EE","og_type":"article","og_title":"Roheliste Rattaretk Ida-Virumaal 2023. Riho lugu | MATKaBLOGI","og_description":"19.-21. mail sai v\u00f5imalikuks mul osaleda n\u00fc\u00fcdseks juba \u00fcsna pika traditsiooniga iga-aastasel Roheliste rattaretkel. Loe l\u00e4hemalt!","og_url":"https:\/\/matkasport.ee\/blogi\/roheliste-rattaretk-ida-virumaal-2023\/","og_site_name":"MATKaBLOGI","article_publisher":"https:\/\/www.facebook.com\/MATKaSPORT","article_published_time":"2023-05-31T08:49:05+00:00","article_modified_time":"2024-04-24T10:50:24+00:00","og_image":[{"width":765,"height":490,"url":"https:\/\/matkasport.ee\/blogi\/wp-content\/uploads\/2024\/04\/Roheliste-rattaretk-Ida-Virumaa-2023.jpg","type":"image\/jpeg"}],"author":"Riho Alla","twitter_card":"summary_large_image","twitter_misc":{"Written by":"Riho Alla","Est. reading time":"11 minutit"},"schema":{"@context":"https:\/\/schema.org","@graph":[{"@type":"Article","@id":"https:\/\/matkasport.ee\/blogi\/roheliste-rattaretk-ida-virumaal-2023\/#article","isPartOf":{"@id":"https:\/\/matkasport.ee\/blogi\/roheliste-rattaretk-ida-virumaal-2023\/"},"author":{"name":"Riho Alla","@id":"https:\/\/matkasport.ee\/blogi\/#\/schema\/person\/5538bb8d8d55893ca87c533231b01a89"},"headline":"Roheliste Rattaretk Ida-Virumaal 2023. Riho lugu","datePublished":"2023-05-31T08:49:05+00:00","dateModified":"2024-04-24T10:50:24+00:00","mainEntityOfPage":{"@id":"https:\/\/matkasport.ee\/blogi\/roheliste-rattaretk-ida-virumaal-2023\/"},"wordCount":2156,"commentCount":0,"publisher":{"@id":"https:\/\/matkasport.ee\/blogi\/#organization"},"image":{"@id":"https:\/\/matkasport.ee\/blogi\/roheliste-rattaretk-ida-virumaal-2023\/#primaryimage"},"thumbnailUrl":"https:\/\/matkasport.ee\/blogi\/wp-content\/uploads\/2024\/04\/Roheliste-rattaretk-Ida-Virumaa-2023.jpg","articleSection":["Jalgrattamatk","Jutud"],"inLanguage":"et"},{"@type":"WebPage","@id":"https:\/\/matkasport.ee\/blogi\/roheliste-rattaretk-ida-virumaal-2023\/","url":"https:\/\/matkasport.ee\/blogi\/roheliste-rattaretk-ida-virumaal-2023\/","name":"Roheliste Rattaretk Ida-Virumaal 2023. Riho lugu | MATKaBLOGI","isPartOf":{"@id":"https:\/\/matkasport.ee\/blogi\/#website"},"primaryImageOfPage":{"@id":"https:\/\/matkasport.ee\/blogi\/roheliste-rattaretk-ida-virumaal-2023\/#primaryimage"},"image":{"@id":"https:\/\/matkasport.ee\/blogi\/roheliste-rattaretk-ida-virumaal-2023\/#primaryimage"},"thumbnailUrl":"https:\/\/matkasport.ee\/blogi\/wp-content\/uploads\/2024\/04\/Roheliste-rattaretk-Ida-Virumaa-2023.jpg","datePublished":"2023-05-31T08:49:05+00:00","dateModified":"2024-04-24T10:50:24+00:00","description":"19.-21. mail sai v\u00f5imalikuks mul osaleda n\u00fc\u00fcdseks juba \u00fcsna pika traditsiooniga iga-aastasel Roheliste rattaretkel. Loe l\u00e4hemalt!","breadcrumb":{"@id":"https:\/\/matkasport.ee\/blogi\/roheliste-rattaretk-ida-virumaal-2023\/#breadcrumb"},"inLanguage":"et","potentialAction":[{"@type":"ReadAction","target":["https:\/\/matkasport.ee\/blogi\/roheliste-rattaretk-ida-virumaal-2023\/"]}]},{"@type":"ImageObject","inLanguage":"et","@id":"https:\/\/matkasport.ee\/blogi\/roheliste-rattaretk-ida-virumaal-2023\/#primaryimage","url":"https:\/\/matkasport.ee\/blogi\/wp-content\/uploads\/2024\/04\/Roheliste-rattaretk-Ida-Virumaa-2023.jpg","contentUrl":"https:\/\/matkasport.ee\/blogi\/wp-content\/uploads\/2024\/04\/Roheliste-rattaretk-Ida-Virumaa-2023.jpg","width":765,"height":490,"caption":"Roheliste rattaretk Ida Virumaa 2023"},{"@type":"BreadcrumbList","@id":"https:\/\/matkasport.ee\/blogi\/roheliste-rattaretk-ida-virumaal-2023\/#breadcrumb","itemListElement":[{"@type":"ListItem","position":1,"name":"Home","item":"https:\/\/matkasport.ee\/blogi\/"},{"@type":"ListItem","position":2,"name":"Roheliste Rattaretk Ida-Virumaal 2023. Riho lugu"}]},{"@type":"WebSite","@id":"https:\/\/matkasport.ee\/blogi\/#website","url":"https:\/\/matkasport.ee\/blogi\/","name":"MATKaBLOGI","description":"MATKaBLOGIS jagavad kogemusi ja n\u00f5uanded matkajad matkajatele","publisher":{"@id":"https:\/\/matkasport.ee\/blogi\/#organization"},"potentialAction":[{"@type":"SearchAction","target":{"@type":"EntryPoint","urlTemplate":"https:\/\/matkasport.ee\/blogi\/?s={search_term_string}"},"query-input":{"@type":"PropertyValueSpecification","valueRequired":true,"valueName":"search_term_string"}}],"inLanguage":"et"},{"@type":"Organization","@id":"https:\/\/matkasport.ee\/blogi\/#organization","name":"MATKaSPORT","url":"https:\/\/matkasport.ee\/blogi\/","logo":{"@type":"ImageObject","inLanguage":"et","@id":"https:\/\/matkasport.ee\/blogi\/#\/schema\/logo\/image\/","url":"https:\/\/matkasport.ee\/blogi\/wp-content\/uploads\/2025\/01\/MATKASPORTlogo-133.png","contentUrl":"https:\/\/matkasport.ee\/blogi\/wp-content\/uploads\/2025\/01\/MATKASPORTlogo-133.png","width":133,"height":50,"caption":"MATKaSPORT"},"image":{"@id":"https:\/\/matkasport.ee\/blogi\/#\/schema\/logo\/image\/"},"sameAs":["https:\/\/www.facebook.com\/MATKaSPORT"]},{"@type":"Person","@id":"https:\/\/matkasport.ee\/blogi\/#\/schema\/person\/5538bb8d8d55893ca87c533231b01a89","name":"Riho Alla","image":{"@type":"ImageObject","inLanguage":"et","@id":"https:\/\/matkasport.ee\/blogi\/#\/schema\/person\/image\/","url":"https:\/\/secure.gravatar.com\/avatar\/aa000ed16fd6b0b6afeac7b0ac2c9051570dd1b3a32849aad7b4286b3ff4b22e?s=96&d=mm&r=g","contentUrl":"https:\/\/secure.gravatar.com\/avatar\/aa000ed16fd6b0b6afeac7b0ac2c9051570dd1b3a32849aad7b4286b3ff4b22e?s=96&d=mm&r=g","caption":"Riho Alla"},"url":"https:\/\/matkasport.ee\/blogi\/author\/riho-alla\/"}]}},"post_mailing_queue_ids":[],"_links":{"self":[{"href":"https:\/\/matkasport.ee\/blogi\/wp-json\/wp\/v2\/posts\/19506","targetHints":{"allow":["GET"]}}],"collection":[{"href":"https:\/\/matkasport.ee\/blogi\/wp-json\/wp\/v2\/posts"}],"about":[{"href":"https:\/\/matkasport.ee\/blogi\/wp-json\/wp\/v2\/types\/post"}],"author":[{"embeddable":true,"href":"https:\/\/matkasport.ee\/blogi\/wp-json\/wp\/v2\/users\/60"}],"replies":[{"embeddable":true,"href":"https:\/\/matkasport.ee\/blogi\/wp-json\/wp\/v2\/comments?post=19506"}],"version-history":[{"count":12,"href":"https:\/\/matkasport.ee\/blogi\/wp-json\/wp\/v2\/posts\/19506\/revisions"}],"predecessor-version":[{"id":20274,"href":"https:\/\/matkasport.ee\/blogi\/wp-json\/wp\/v2\/posts\/19506\/revisions\/20274"}],"wp:featuredmedia":[{"embeddable":true,"href":"https:\/\/matkasport.ee\/blogi\/wp-json\/wp\/v2\/media\/20258"}],"wp:attachment":[{"href":"https:\/\/matkasport.ee\/blogi\/wp-json\/wp\/v2\/media?parent=19506"}],"wp:term":[{"taxonomy":"category","embeddable":true,"href":"https:\/\/matkasport.ee\/blogi\/wp-json\/wp\/v2\/categories?post=19506"},{"taxonomy":"post_tag","embeddable":true,"href":"https:\/\/matkasport.ee\/blogi\/wp-json\/wp\/v2\/tags?post=19506"}],"curies":[{"name":"wp","href":"https:\/\/api.w.org\/{rel}","templated":true}]}}