{"id":20281,"date":"2024-05-02T16:39:34","date_gmt":"2024-05-02T13:39:34","guid":{"rendered":"https:\/\/matkasport.ee\/blogi\/?p=20281"},"modified":"2024-09-28T10:58:32","modified_gmt":"2024-09-28T07:58:32","slug":"kaua-see-fjallraven-sul-olnud-on","status":"publish","type":"post","link":"https:\/\/matkasport.ee\/blogi\/kaua-see-fjallraven-sul-olnud-on\/","title":{"rendered":"Kaua see Fj\u00e4llr\u00e4ven sul olnud on?"},"content":{"rendered":"<div class=\"fusion-fullwidth fullwidth-box fusion-builder-row-1 nonhundred-percent-fullwidth non-hundred-percent-height-scrolling\" style=\"--awb-border-radius-top-left:0px;--awb-border-radius-top-right:0px;--awb-border-radius-bottom-right:0px;--awb-border-radius-bottom-left:0px;--awb-flex-wrap:wrap;\" ><div class=\"fusion-builder-row fusion-row\"><div class=\"fusion-layout-column fusion_builder_column fusion-builder-column-0 fusion_builder_column_1_1 1_1 fusion-one-full fusion-column-first fusion-column-last\" style=\"--awb-bg-size:cover;\"><div class=\"fusion-column-wrapper fusion-flex-column-wrapper-legacy\"><div class=\"fusion-text fusion-text-1\"><p>Kas oled m\u00f5elnud, et mida kauem ja sagedamini \u00fcht ja sama riideeset kanda, seda v\u00e4iksemaks kahaneb selle tootmisest tekkinud m\u00f5ju keskkonnale? Rootsi matkavarustuse tootja <a href=\"https:\/\/matkasport.ee\/info\/59-fjaellraven\" target=\"_blank\" rel=\"noopener\">Fj\u00e4llr\u00e4ven<\/a> usub, et k\u00f5ige vingem on luua riideid, mis peavad vastu mitte hooaja v\u00f5i kaks, vaid kogu elu. Selleks peavad olema riided vastupidavad, mugavad, ajatult moes, ja vajadusel lihtsasti parandatavad.<\/p>\n<p><strong>Loodusfotograaf Remo Savisaar<\/strong> soetas oma eepilise Fj\u00e4llr\u00e4veni jope 2005. aastal teise ringi poest. \u201eFj\u00e4llr\u00e4veni br\u00e4ndist ei teadnud ma toona suurt midagi, aga tegu oli korraliku sulejopega. Kandsin seda isegi suvel, kui p\u00e4evane temperatuur oli 20, aga kukkus \u00f5htul 5 kraadi peale. Seda kandes ei ole mul kunagi liiga k\u00fclm ega liiga palav, sellep\u00e4rast kutsun seda t\u00e4naseni hellitavalt oma eepiliseks Fj\u00e4llr\u00e4veni jopeks,\u201d kirjeldab Remo oma esimest kogemust kvaliteetse matkariietusega.<\/p>\n<p>Remo on sellesama Fj\u00e4llr\u00e4veni jopega matkanud nii Islandil, Siberis, Baikali \u00e4\u00e4res kui Lapimaal ning muidugi ka Eesti metsadese ja rabades. Esimesed v\u00e4simuse m\u00e4rgid tekkisid alles p\u00e4rast k\u00fcmmet aastat karmi kasutust. \u201eSee jope on saanud s\u00f5na otseses m\u00f5ttes tuld kui ka kive ehk olen sellega palju l\u00f5kke \u00e4\u00e4res istunud ja k\u00fcmneid kilomeetreid maha roomanud. Kokku kandsin seda neliteist pikka aastat,\u201c lisab ta.<\/p>\n<p>Fj\u00e4llr\u00e4veni toodete vastupidavuses on veendunud teisedki tuntud looduses\u00f5brad. Metsak\u00f6\u00f6gi nime all tegutseva <strong>toiduterapeudi Hele-Mai Alamaa<\/strong> riidekapist leiab \u00fcle k\u00fcmne aasta tagasi ostetud G-1000 kangast seeliku ja vesti, mida enam ammu tootmises pole ning millele v\u00f5rdv\u00e4\u00e4rset pole leidnudki. <strong>Loodusgiid Romet Vaino<\/strong> on matkanud tuhandeid kilomeetreid oma Fj\u00e4llr\u00e4veni Kajka seljakotiga, mida kasutab palju oma fotoretkedel, sest tugev materjal peab h\u00e4sti vastu torkivatele puuokstele.<\/p>\n<p>Ehe n\u00e4ide vastupidavusest on ka Fj\u00e4llr\u00e4veni ikooniline K\u00e5nkeni seljakott, mida luues ei aimatud, et sellest saab aastaid hiljem moehitt, sest algselt oli m\u00f5eldud hoopis Rootsi koolilaste r\u00fchi parandamiseks. V\u00e4idetavalt on k\u00f5ige esimesed, rohkem kui nelik\u00fcmmend aastat tagasi valminud K\u00e5nkeni kotid p\u00e4randatud p\u00f5lvest p\u00f5lve ning kasutusel veel t\u00e4naseni!<\/p>\n<p>Ka Sinul on v\u00f5imalus endale Fj\u00e4llr\u00e4veni stiilne ja vastupidav K\u00e5nkeni seljakott v\u00f5ita. Loosis osalemiseks:<\/p>\n<ul>\n<li>Jaga meiega oma Fj\u00e4llr\u00e4veni eepilise riideeseme lugu<\/li>\n<li>Pane kaasa pilt v\u00f5i paar, v\u00f5imalusel ka video<\/li>\n<li>Saada oma Fj\u00e4llr\u00e4veni esemest foto v\u00f5i video <strong>hiljemalt 27.05<\/strong> aadressil <a href=\"mailto:fjallraven@hamburg.ee\" target=\"_blank\" rel=\"noopener\">fjallraven@hamburg.ee<\/a><\/li>\n<\/ul>\n<p>Saatjate vahel l\u00e4heb loosi 5 K\u00e5nkeni seljakotti meelep\u00e4rases toonis. V\u00f5itjad kuulutame v\u00e4lja mai l\u00f5pus!<\/p>\n<\/div><div class=\"fusion-clearfix\"><\/div><\/div><\/div><\/div><\/div>\n","protected":false},"excerpt":{"rendered":"","protected":false},"author":82,"featured_media":20288,"comment_status":"closed","ping_status":"open","sticky":false,"template":"","format":"standard","meta":{"footnotes":""},"categories":[51],"tags":[],"class_list":["post-20281","post","type-post","status-publish","format-standard","has-post-thumbnail","hentry","category-uudised"],"yoast_head":"<!-- This site is optimized with the Yoast SEO plugin v27.0 - https:\/\/yoast.com\/product\/yoast-seo-wordpress\/ -->\n<title>Kaua see Fj\u00e4llr\u00e4ven sul olnud on? | MATKaBLOGI<\/title>\n<meta name=\"description\" content=\"Kas oled m\u00f5elnud, et mida kauem ja sagedamini \u00fcht ja sama riideeset kanda, seda v\u00e4iksemaks kahaneb selle tootmisest tekkinud m\u00f5ju keskkonnale? Loe edasi!\" \/>\n<meta name=\"robots\" content=\"index, follow, max-snippet:-1, max-image-preview:large, max-video-preview:-1\" \/>\n<link rel=\"canonical\" href=\"https:\/\/matkasport.ee\/blogi\/kaua-see-fjallraven-sul-olnud-on\/\" \/>\n<meta property=\"og:locale\" content=\"et_EE\" \/>\n<meta property=\"og:type\" content=\"article\" \/>\n<meta property=\"og:title\" content=\"Kaua see Fj\u00e4llr\u00e4ven sul olnud on? | MATKaBLOGI\" \/>\n<meta property=\"og:description\" content=\"Kas oled m\u00f5elnud, et mida kauem ja sagedamini \u00fcht ja sama riideeset kanda, seda v\u00e4iksemaks kahaneb selle tootmisest tekkinud m\u00f5ju keskkonnale? Loe edasi!\" \/>\n<meta property=\"og:url\" content=\"https:\/\/matkasport.ee\/blogi\/kaua-see-fjallraven-sul-olnud-on\/\" \/>\n<meta property=\"og:site_name\" content=\"MATKaBLOGI\" \/>\n<meta property=\"article:publisher\" content=\"https:\/\/www.facebook.com\/MATKaSPORT\" \/>\n<meta property=\"article:published_time\" content=\"2024-05-02T13:39:34+00:00\" \/>\n<meta property=\"article:modified_time\" content=\"2024-09-28T07:58:32+00:00\" \/>\n<meta property=\"og:image\" content=\"https:\/\/matkasport.ee\/blogi\/wp-content\/uploads\/2024\/05\/hele-mai-\u00f5ige.jpg\" \/>\n<meta name=\"author\" content=\"Fj\u00e4llr\u00e4ven\" \/>\n<meta name=\"twitter:card\" content=\"summary_large_image\" \/>\n<meta name=\"twitter:label1\" content=\"Written by\" \/>\n\t<meta name=\"twitter:data1\" content=\"Fj\u00e4llr\u00e4ven\" \/>\n\t<meta name=\"twitter:label2\" content=\"Est. reading time\" \/>\n\t<meta name=\"twitter:data2\" content=\"3 minutit\" \/>\n<script type=\"application\/ld+json\" class=\"yoast-schema-graph\">{\"@context\":\"https:\/\/schema.org\",\"@graph\":[{\"@type\":\"Article\",\"@id\":\"https:\/\/matkasport.ee\/blogi\/kaua-see-fjallraven-sul-olnud-on\/#article\",\"isPartOf\":{\"@id\":\"https:\/\/matkasport.ee\/blogi\/kaua-see-fjallraven-sul-olnud-on\/\"},\"author\":{\"name\":\"Fj\u00e4llr\u00e4ven\",\"@id\":\"https:\/\/matkasport.ee\/blogi\/#\/schema\/person\/3e707a23369eb0c873c6a024798ec926\"},\"headline\":\"Kaua see Fj\u00e4llr\u00e4ven sul olnud on?\",\"datePublished\":\"2024-05-02T13:39:34+00:00\",\"dateModified\":\"2024-09-28T07:58:32+00:00\",\"mainEntityOfPage\":{\"@id\":\"https:\/\/matkasport.ee\/blogi\/kaua-see-fjallraven-sul-olnud-on\/\"},\"wordCount\":598,\"publisher\":{\"@id\":\"https:\/\/matkasport.ee\/blogi\/#organization\"},\"image\":{\"@id\":\"https:\/\/matkasport.ee\/blogi\/kaua-see-fjallraven-sul-olnud-on\/#primaryimage\"},\"thumbnailUrl\":\"https:\/\/matkasport.ee\/blogi\/wp-content\/uploads\/2024\/05\/hele-mai-\u00f5ige.jpg\",\"articleSection\":[\"Uudised\"],\"inLanguage\":\"et\"},{\"@type\":\"WebPage\",\"@id\":\"https:\/\/matkasport.ee\/blogi\/kaua-see-fjallraven-sul-olnud-on\/\",\"url\":\"https:\/\/matkasport.ee\/blogi\/kaua-see-fjallraven-sul-olnud-on\/\",\"name\":\"Kaua see Fj\u00e4llr\u00e4ven sul olnud on? | MATKaBLOGI\",\"isPartOf\":{\"@id\":\"https:\/\/matkasport.ee\/blogi\/#website\"},\"primaryImageOfPage\":{\"@id\":\"https:\/\/matkasport.ee\/blogi\/kaua-see-fjallraven-sul-olnud-on\/#primaryimage\"},\"image\":{\"@id\":\"https:\/\/matkasport.ee\/blogi\/kaua-see-fjallraven-sul-olnud-on\/#primaryimage\"},\"thumbnailUrl\":\"https:\/\/matkasport.ee\/blogi\/wp-content\/uploads\/2024\/05\/hele-mai-\u00f5ige.jpg\",\"datePublished\":\"2024-05-02T13:39:34+00:00\",\"dateModified\":\"2024-09-28T07:58:32+00:00\",\"description\":\"Kas oled m\u00f5elnud, et mida kauem ja sagedamini \u00fcht ja sama riideeset kanda, seda v\u00e4iksemaks kahaneb selle tootmisest tekkinud m\u00f5ju keskkonnale? Loe edasi!\",\"breadcrumb\":{\"@id\":\"https:\/\/matkasport.ee\/blogi\/kaua-see-fjallraven-sul-olnud-on\/#breadcrumb\"},\"inLanguage\":\"et\",\"potentialAction\":[{\"@type\":\"ReadAction\",\"target\":[\"https:\/\/matkasport.ee\/blogi\/kaua-see-fjallraven-sul-olnud-on\/\"]}]},{\"@type\":\"ImageObject\",\"inLanguage\":\"et\",\"@id\":\"https:\/\/matkasport.ee\/blogi\/kaua-see-fjallraven-sul-olnud-on\/#primaryimage\",\"url\":\"https:\/\/matkasport.ee\/blogi\/wp-content\/uploads\/2024\/05\/hele-mai-\u00f5ige.jpg\",\"contentUrl\":\"https:\/\/matkasport.ee\/blogi\/wp-content\/uploads\/2024\/05\/hele-mai-\u00f5ige.jpg\",\"width\":1920,\"height\":1080,\"caption\":\"Kaua see Fj\u00e4llr\u00e4ven sul olnud on?\"},{\"@type\":\"BreadcrumbList\",\"@id\":\"https:\/\/matkasport.ee\/blogi\/kaua-see-fjallraven-sul-olnud-on\/#breadcrumb\",\"itemListElement\":[{\"@type\":\"ListItem\",\"position\":1,\"name\":\"Home\",\"item\":\"https:\/\/matkasport.ee\/blogi\/\"},{\"@type\":\"ListItem\",\"position\":2,\"name\":\"Kaua see Fj\u00e4llr\u00e4ven sul olnud on?\"}]},{\"@type\":\"WebSite\",\"@id\":\"https:\/\/matkasport.ee\/blogi\/#website\",\"url\":\"https:\/\/matkasport.ee\/blogi\/\",\"name\":\"MATKaBLOGI\",\"description\":\"MATKaBLOGIS jagavad kogemusi ja n\u00f5uanded matkajad matkajatele\",\"publisher\":{\"@id\":\"https:\/\/matkasport.ee\/blogi\/#organization\"},\"potentialAction\":[{\"@type\":\"SearchAction\",\"target\":{\"@type\":\"EntryPoint\",\"urlTemplate\":\"https:\/\/matkasport.ee\/blogi\/?s={search_term_string}\"},\"query-input\":{\"@type\":\"PropertyValueSpecification\",\"valueRequired\":true,\"valueName\":\"search_term_string\"}}],\"inLanguage\":\"et\"},{\"@type\":\"Organization\",\"@id\":\"https:\/\/matkasport.ee\/blogi\/#organization\",\"name\":\"MATKaSPORT\",\"url\":\"https:\/\/matkasport.ee\/blogi\/\",\"logo\":{\"@type\":\"ImageObject\",\"inLanguage\":\"et\",\"@id\":\"https:\/\/matkasport.ee\/blogi\/#\/schema\/logo\/image\/\",\"url\":\"https:\/\/matkasport.ee\/blogi\/wp-content\/uploads\/2025\/01\/MATKASPORTlogo-133.png\",\"contentUrl\":\"https:\/\/matkasport.ee\/blogi\/wp-content\/uploads\/2025\/01\/MATKASPORTlogo-133.png\",\"width\":133,\"height\":50,\"caption\":\"MATKaSPORT\"},\"image\":{\"@id\":\"https:\/\/matkasport.ee\/blogi\/#\/schema\/logo\/image\/\"},\"sameAs\":[\"https:\/\/www.facebook.com\/MATKaSPORT\"]},{\"@type\":\"Person\",\"@id\":\"https:\/\/matkasport.ee\/blogi\/#\/schema\/person\/3e707a23369eb0c873c6a024798ec926\",\"name\":\"Fj\u00e4llr\u00e4ven\",\"image\":{\"@type\":\"ImageObject\",\"inLanguage\":\"et\",\"@id\":\"https:\/\/matkasport.ee\/blogi\/#\/schema\/person\/image\/\",\"url\":\"https:\/\/secure.gravatar.com\/avatar\/024a7736be931765c12e1c65a49cd307c998cf478e6b15335a3e991d86537ee8?s=96&d=mm&r=g\",\"contentUrl\":\"https:\/\/secure.gravatar.com\/avatar\/024a7736be931765c12e1c65a49cd307c998cf478e6b15335a3e991d86537ee8?s=96&d=mm&r=g\",\"caption\":\"Fj\u00e4llr\u00e4ven\"},\"url\":\"https:\/\/matkasport.ee\/blogi\/author\/fjallraven\/\"}]}<\/script>\n<!-- \/ Yoast SEO plugin. -->","yoast_head_json":{"title":"Kaua see Fj\u00e4llr\u00e4ven sul olnud on? | MATKaBLOGI","description":"Kas oled m\u00f5elnud, et mida kauem ja sagedamini \u00fcht ja sama riideeset kanda, seda v\u00e4iksemaks kahaneb selle tootmisest tekkinud m\u00f5ju keskkonnale? Loe edasi!","robots":{"index":"index","follow":"follow","max-snippet":"max-snippet:-1","max-image-preview":"max-image-preview:large","max-video-preview":"max-video-preview:-1"},"canonical":"https:\/\/matkasport.ee\/blogi\/kaua-see-fjallraven-sul-olnud-on\/","og_locale":"et_EE","og_type":"article","og_title":"Kaua see Fj\u00e4llr\u00e4ven sul olnud on? | MATKaBLOGI","og_description":"Kas oled m\u00f5elnud, et mida kauem ja sagedamini \u00fcht ja sama riideeset kanda, seda v\u00e4iksemaks kahaneb selle tootmisest tekkinud m\u00f5ju keskkonnale? Loe edasi!","og_url":"https:\/\/matkasport.ee\/blogi\/kaua-see-fjallraven-sul-olnud-on\/","og_site_name":"MATKaBLOGI","article_publisher":"https:\/\/www.facebook.com\/MATKaSPORT","article_published_time":"2024-05-02T13:39:34+00:00","article_modified_time":"2024-09-28T07:58:32+00:00","og_image":[{"url":"https:\/\/matkasport.ee\/blogi\/wp-content\/uploads\/2024\/05\/hele-mai-\u00f5ige.jpg","type":"","width":"","height":""}],"author":"Fj\u00e4llr\u00e4ven","twitter_card":"summary_large_image","twitter_misc":{"Written by":"Fj\u00e4llr\u00e4ven","Est. reading time":"3 minutit"},"schema":{"@context":"https:\/\/schema.org","@graph":[{"@type":"Article","@id":"https:\/\/matkasport.ee\/blogi\/kaua-see-fjallraven-sul-olnud-on\/#article","isPartOf":{"@id":"https:\/\/matkasport.ee\/blogi\/kaua-see-fjallraven-sul-olnud-on\/"},"author":{"name":"Fj\u00e4llr\u00e4ven","@id":"https:\/\/matkasport.ee\/blogi\/#\/schema\/person\/3e707a23369eb0c873c6a024798ec926"},"headline":"Kaua see Fj\u00e4llr\u00e4ven sul olnud on?","datePublished":"2024-05-02T13:39:34+00:00","dateModified":"2024-09-28T07:58:32+00:00","mainEntityOfPage":{"@id":"https:\/\/matkasport.ee\/blogi\/kaua-see-fjallraven-sul-olnud-on\/"},"wordCount":598,"publisher":{"@id":"https:\/\/matkasport.ee\/blogi\/#organization"},"image":{"@id":"https:\/\/matkasport.ee\/blogi\/kaua-see-fjallraven-sul-olnud-on\/#primaryimage"},"thumbnailUrl":"https:\/\/matkasport.ee\/blogi\/wp-content\/uploads\/2024\/05\/hele-mai-\u00f5ige.jpg","articleSection":["Uudised"],"inLanguage":"et"},{"@type":"WebPage","@id":"https:\/\/matkasport.ee\/blogi\/kaua-see-fjallraven-sul-olnud-on\/","url":"https:\/\/matkasport.ee\/blogi\/kaua-see-fjallraven-sul-olnud-on\/","name":"Kaua see Fj\u00e4llr\u00e4ven sul olnud on? | MATKaBLOGI","isPartOf":{"@id":"https:\/\/matkasport.ee\/blogi\/#website"},"primaryImageOfPage":{"@id":"https:\/\/matkasport.ee\/blogi\/kaua-see-fjallraven-sul-olnud-on\/#primaryimage"},"image":{"@id":"https:\/\/matkasport.ee\/blogi\/kaua-see-fjallraven-sul-olnud-on\/#primaryimage"},"thumbnailUrl":"https:\/\/matkasport.ee\/blogi\/wp-content\/uploads\/2024\/05\/hele-mai-\u00f5ige.jpg","datePublished":"2024-05-02T13:39:34+00:00","dateModified":"2024-09-28T07:58:32+00:00","description":"Kas oled m\u00f5elnud, et mida kauem ja sagedamini \u00fcht ja sama riideeset kanda, seda v\u00e4iksemaks kahaneb selle tootmisest tekkinud m\u00f5ju keskkonnale? Loe edasi!","breadcrumb":{"@id":"https:\/\/matkasport.ee\/blogi\/kaua-see-fjallraven-sul-olnud-on\/#breadcrumb"},"inLanguage":"et","potentialAction":[{"@type":"ReadAction","target":["https:\/\/matkasport.ee\/blogi\/kaua-see-fjallraven-sul-olnud-on\/"]}]},{"@type":"ImageObject","inLanguage":"et","@id":"https:\/\/matkasport.ee\/blogi\/kaua-see-fjallraven-sul-olnud-on\/#primaryimage","url":"https:\/\/matkasport.ee\/blogi\/wp-content\/uploads\/2024\/05\/hele-mai-\u00f5ige.jpg","contentUrl":"https:\/\/matkasport.ee\/blogi\/wp-content\/uploads\/2024\/05\/hele-mai-\u00f5ige.jpg","width":1920,"height":1080,"caption":"Kaua see Fj\u00e4llr\u00e4ven sul olnud on?"},{"@type":"BreadcrumbList","@id":"https:\/\/matkasport.ee\/blogi\/kaua-see-fjallraven-sul-olnud-on\/#breadcrumb","itemListElement":[{"@type":"ListItem","position":1,"name":"Home","item":"https:\/\/matkasport.ee\/blogi\/"},{"@type":"ListItem","position":2,"name":"Kaua see Fj\u00e4llr\u00e4ven sul olnud on?"}]},{"@type":"WebSite","@id":"https:\/\/matkasport.ee\/blogi\/#website","url":"https:\/\/matkasport.ee\/blogi\/","name":"MATKaBLOGI","description":"MATKaBLOGIS jagavad kogemusi ja n\u00f5uanded matkajad matkajatele","publisher":{"@id":"https:\/\/matkasport.ee\/blogi\/#organization"},"potentialAction":[{"@type":"SearchAction","target":{"@type":"EntryPoint","urlTemplate":"https:\/\/matkasport.ee\/blogi\/?s={search_term_string}"},"query-input":{"@type":"PropertyValueSpecification","valueRequired":true,"valueName":"search_term_string"}}],"inLanguage":"et"},{"@type":"Organization","@id":"https:\/\/matkasport.ee\/blogi\/#organization","name":"MATKaSPORT","url":"https:\/\/matkasport.ee\/blogi\/","logo":{"@type":"ImageObject","inLanguage":"et","@id":"https:\/\/matkasport.ee\/blogi\/#\/schema\/logo\/image\/","url":"https:\/\/matkasport.ee\/blogi\/wp-content\/uploads\/2025\/01\/MATKASPORTlogo-133.png","contentUrl":"https:\/\/matkasport.ee\/blogi\/wp-content\/uploads\/2025\/01\/MATKASPORTlogo-133.png","width":133,"height":50,"caption":"MATKaSPORT"},"image":{"@id":"https:\/\/matkasport.ee\/blogi\/#\/schema\/logo\/image\/"},"sameAs":["https:\/\/www.facebook.com\/MATKaSPORT"]},{"@type":"Person","@id":"https:\/\/matkasport.ee\/blogi\/#\/schema\/person\/3e707a23369eb0c873c6a024798ec926","name":"Fj\u00e4llr\u00e4ven","image":{"@type":"ImageObject","inLanguage":"et","@id":"https:\/\/matkasport.ee\/blogi\/#\/schema\/person\/image\/","url":"https:\/\/secure.gravatar.com\/avatar\/024a7736be931765c12e1c65a49cd307c998cf478e6b15335a3e991d86537ee8?s=96&d=mm&r=g","contentUrl":"https:\/\/secure.gravatar.com\/avatar\/024a7736be931765c12e1c65a49cd307c998cf478e6b15335a3e991d86537ee8?s=96&d=mm&r=g","caption":"Fj\u00e4llr\u00e4ven"},"url":"https:\/\/matkasport.ee\/blogi\/author\/fjallraven\/"}]}},"post_mailing_queue_ids":[],"_links":{"self":[{"href":"https:\/\/matkasport.ee\/blogi\/wp-json\/wp\/v2\/posts\/20281","targetHints":{"allow":["GET"]}}],"collection":[{"href":"https:\/\/matkasport.ee\/blogi\/wp-json\/wp\/v2\/posts"}],"about":[{"href":"https:\/\/matkasport.ee\/blogi\/wp-json\/wp\/v2\/types\/post"}],"author":[{"embeddable":true,"href":"https:\/\/matkasport.ee\/blogi\/wp-json\/wp\/v2\/users\/82"}],"replies":[{"embeddable":true,"href":"https:\/\/matkasport.ee\/blogi\/wp-json\/wp\/v2\/comments?post=20281"}],"version-history":[{"count":3,"href":"https:\/\/matkasport.ee\/blogi\/wp-json\/wp\/v2\/posts\/20281\/revisions"}],"predecessor-version":[{"id":20289,"href":"https:\/\/matkasport.ee\/blogi\/wp-json\/wp\/v2\/posts\/20281\/revisions\/20289"}],"wp:featuredmedia":[{"embeddable":true,"href":"https:\/\/matkasport.ee\/blogi\/wp-json\/wp\/v2\/media\/20288"}],"wp:attachment":[{"href":"https:\/\/matkasport.ee\/blogi\/wp-json\/wp\/v2\/media?parent=20281"}],"wp:term":[{"taxonomy":"category","embeddable":true,"href":"https:\/\/matkasport.ee\/blogi\/wp-json\/wp\/v2\/categories?post=20281"},{"taxonomy":"post_tag","embeddable":true,"href":"https:\/\/matkasport.ee\/blogi\/wp-json\/wp\/v2\/tags?post=20281"}],"curies":[{"name":"wp","href":"https:\/\/api.w.org\/{rel}","templated":true}]}}