{"id":20625,"date":"2024-11-06T13:23:34","date_gmt":"2024-11-06T11:23:34","guid":{"rendered":"https:\/\/matkasport.ee\/blogi\/?p=20625"},"modified":"2024-11-06T13:25:22","modified_gmt":"2024-11-06T11:25:22","slug":"arktika-kutsub-fjallraven-polar-2025","status":"publish","type":"post","link":"https:\/\/matkasport.ee\/blogi\/arktika-kutsub-fjallraven-polar-2025\/","title":{"rendered":"Arktika kutsub &#8211; Fj\u00e4llr\u00e4ven Polar 2025"},"content":{"rendered":"<div class=\"fusion-fullwidth fullwidth-box fusion-builder-row-1 nonhundred-percent-fullwidth non-hundred-percent-height-scrolling\" style=\"--awb-border-radius-top-left:0px;--awb-border-radius-top-right:0px;--awb-border-radius-bottom-right:0px;--awb-border-radius-bottom-left:0px;--awb-flex-wrap:wrap;\" ><div class=\"fusion-builder-row fusion-row\"><div class=\"fusion-layout-column fusion_builder_column fusion-builder-column-0 fusion_builder_column_1_1 1_1 fusion-one-full fusion-column-first fusion-column-last\" style=\"--awb-bg-size:cover;\"><div class=\"fusion-column-wrapper fusion-flex-column-wrapper-legacy\"><div class=\"fusion-text fusion-text-1\"><p><strong>ARKTIKA KUTSUB: just sina v\u00f5id olla j\u00e4rgmine eestlane seikluslikul kelgukoeramatkal!<\/strong><\/p>\n<p>Aprillis saavad 20 \u00f5nnelikku v\u00f5imaluse osaleda ekstreemsel kelgukoeramatkal Fj\u00e4llr\u00e4ven Polar, mis viib neid Skandinaavia Arktika lummavasse, kuid karmide oludega loodusesse. Ekspeditsioonile p\u00e4\u00e4semiseks tuleb n\u00e4idata oma loovust ja t\u00f5elist seiklusjanu konkursil, millel v\u00f5ib osaleda iga\u00fcks!<\/p>\n<p>Igal aastal viib <a href=\"https:\/\/matkasport.ee\/10_fjallraven\">Fj\u00e4llr\u00e4ven<\/a> \u00fclemaailmse konkursi v\u00f5itjad Skandinaavia tippu ekstreemsele matkale, kus ilmastikuolud on karmid ja temperatuurid v\u00f5ivad langeda kuni -35 kraadini. 300 km pikk elamusterohke teekond v\u00f5etakse ette koos kelgukoertega ning edu tagavad seal meeskonnat\u00f6\u00f6 ning usaldus.<\/p>\n<p><a href=\"https:\/\/matkasport.ee\/blogi\/maiu-lunekund-fjallraven-polar-2019-polaarmatkal\/\">Ekspeditsiooni<\/a> korraldatakse juba alates 1997. aastast ning aja jooksul on sellel k\u00e4inud ka viis eestlast. Viimati osutus \u00f5nnelikuks valituks Kert Kivaste, tehnoloogiavaldkonnas t\u00f6\u00f6tav noormees, kelle jaoks oli polaarmatk v\u00f5imalus v\u00e4lja murda argirutiinist.<\/p>\n<p>\u201eK\u00f5ige toredam on, et sa ei pea olema \u00fclisportlik v\u00f5i v\u00e4ga kogenud. Piisab sellest, et sul on soov kogeda midagi erilist, pisut nutikust \u017e\u00fcriile silma paista ning tahet olla ligi n\u00e4dala v\u00e4ljaspool mugavustsooni,\u201c \u00fctles Kivaste.<\/p>\n<p>\u201eIga p\u00e4ev sellel matkal on t\u00e4is avastusi kirjeldamatult ilusas looduses. See annab v\u00f5imaluse arendada meeskonnat\u00f6\u00f6d, sest rada l\u00e4bitakse koos tiimiga, kuid samal ajal ka piisavalt \u00fcksiolemist, et m\u00f5elda selle \u00fcle, milleks argielus aega ei j\u00e4\u00e4. \u00dcksinda kelgul veedetud tunnid kergitasid filosoofilisi ja eksistentsiaalseid k\u00fcsimusi,\u201c meenutas Kivaste.<\/p>\n<p>1.\u20137. aprillini toimuva matka teekond algab Rootsis Kiruna l\u00e4histelt Jukkasj\u00e4rvist, kus osalejad l\u00e4bivad vajaliku koolituse koerte juhtimiseks ja omandavad elluj\u00e4\u00e4misoskused. Iga osaleja saab rakendi kuue koeraga, kelle eest hoolitsetakse kogu reisi v\u00e4ltel. Kelgukoertega r\u00e4nnates \u00fcletatakse tundrat, k\u00fclmunud j\u00e4rvesid ja m\u00e4gesid. \u00d6\u00f6seks seatakse \u00fcles laager ning \u00f6\u00f6bitakse telkides.<\/p>\n<p>Ekspeditsiooni l\u00f5pp-punkt on Norras Troms\u00f8 l\u00e4histel Signaldalenis. Kogu reisi jooksul toetavad osalejaid kogenud Fj\u00e4llr\u00e4veni tiim ja professionaalsed koerajuhid. Meeskonda kuulub 20 inimest ja \u00fcle saja kelgukoera.<\/p>\n<p>Matkaks vajaliku varustuse, lennupiletite ja treeningu eest tasub Fj\u00e4llr\u00e4ven. Osaleda saavad k\u00f5ik v\u00e4hemalt 18aastased huvilised. Sujuvaks meeskonnat\u00f6\u00f6ks ja koolituste l\u00e4bimiseks on vajalik inglise keele oskus.<\/p>\n<p><strong>Osalemiseks pane end kirja<\/strong> <a href=\"https:\/\/experience.fjallraven.com\/polar\/apply\">Fj\u00e4llr\u00e4ven Polar veebilehel siin&gt;&gt;<\/a><\/p>\n<p>Registreerimise j\u00e4rel tuleb osalejatel t\u00e4ita kolm \u00fclesannet, mis tutvustavad kandidaatide loodusearmastust ja loovust. V\u00e4ljakutsed h\u00f5lmavad fotode v\u00f5i videote jagamist Instagramis ning need tuleb postitada hiljemalt 17. novembril. V\u00f5itjad kuulutatakse v\u00e4lja 9. detsembril 2024.<\/p>\n<p>Kui m\u00f5tled kandideerimisele, siis tule 12. novembril kell 18.00 \u00dclemiste Keskuse MATKaSPORT\u2019i kauplusesse, kus toimub vestlus\u00f5htu pealkirjaga &#8220;Kuidas valmistuda Fj\u00e4llr\u00e4ven Polari ekspeditsiooniks\u201d. Kert, kelgukoerte ekspeditsioonil osalenud seikleja jagab oma kogemusi Fj\u00e4llr\u00e4ven Polari matkast. Info vestlus\u00f5htu kohta leiab <a href=\"https:\/\/fb.me\/e\/4SOyMwZ6y\">siit&gt;&gt;<\/a>.<\/p>\n<\/div><div class=\"fusion-clearfix\"><\/div><\/div><\/div><\/div><\/div>\n","protected":false},"excerpt":{"rendered":"","protected":false},"author":82,"featured_media":20626,"comment_status":"open","ping_status":"open","sticky":false,"template":"","format":"standard","meta":{"footnotes":""},"categories":[733,439],"tags":[],"class_list":["post-20625","post","type-post","status-publish","format-standard","has-post-thumbnail","hentry","category-fjallraven","category-matkamine"],"yoast_head":"<!-- This site is optimized with the Yoast SEO plugin v27.0 - https:\/\/yoast.com\/product\/yoast-seo-wordpress\/ -->\n<title>Arktika kutsub - Fj\u00e4llr\u00e4ven Polar 2025 | MATKaBLOGI<\/title>\n<meta name=\"description\" content=\"Kas sooviksid olla j\u00e4rgmine eestlane kelgukoeramatkal j\u00e4\u00e4ristallidega kaunistatud Skandinaavia Arktikas? V\u00f5imalus ekspeditsioonil osaleda on avatud N\u00dc\u00dcD!\" \/>\n<meta name=\"robots\" content=\"index, follow, max-snippet:-1, max-image-preview:large, max-video-preview:-1\" \/>\n<link rel=\"canonical\" href=\"https:\/\/matkasport.ee\/blogi\/arktika-kutsub-fjallraven-polar-2025\/\" \/>\n<meta property=\"og:locale\" content=\"et_EE\" \/>\n<meta property=\"og:type\" content=\"article\" \/>\n<meta property=\"og:title\" content=\"Arktika kutsub - Fj\u00e4llr\u00e4ven Polar 2025 | MATKaBLOGI\" \/>\n<meta property=\"og:description\" content=\"Kas sooviksid olla j\u00e4rgmine eestlane kelgukoeramatkal j\u00e4\u00e4ristallidega kaunistatud Skandinaavia Arktikas? V\u00f5imalus ekspeditsioonil osaleda on avatud N\u00dc\u00dcD!\" \/>\n<meta property=\"og:url\" content=\"https:\/\/matkasport.ee\/blogi\/arktika-kutsub-fjallraven-polar-2025\/\" \/>\n<meta property=\"og:site_name\" content=\"MATKaBLOGI\" \/>\n<meta property=\"article:publisher\" content=\"https:\/\/www.facebook.com\/MATKaSPORT\" \/>\n<meta property=\"article:published_time\" content=\"2024-11-06T11:23:34+00:00\" \/>\n<meta property=\"article:modified_time\" content=\"2024-11-06T11:25:22+00:00\" \/>\n<meta property=\"og:image\" content=\"https:\/\/matkasport.ee\/blogi\/wp-content\/uploads\/2024\/11\/Fj\u00e4llr\u00e4ven.polar_.2025.jpg\" \/>\n\t<meta property=\"og:image:width\" content=\"765\" \/>\n\t<meta property=\"og:image:height\" content=\"490\" \/>\n\t<meta property=\"og:image:type\" content=\"image\/jpeg\" \/>\n<meta name=\"author\" content=\"Fj\u00e4llr\u00e4ven\" \/>\n<meta name=\"twitter:card\" content=\"summary_large_image\" \/>\n<meta name=\"twitter:label1\" content=\"Written by\" \/>\n\t<meta name=\"twitter:data1\" content=\"Fj\u00e4llr\u00e4ven\" \/>\n\t<meta name=\"twitter:label2\" content=\"Est. reading time\" \/>\n\t<meta name=\"twitter:data2\" content=\"3 minutit\" \/>\n<script type=\"application\/ld+json\" class=\"yoast-schema-graph\">{\"@context\":\"https:\/\/schema.org\",\"@graph\":[{\"@type\":\"Article\",\"@id\":\"https:\/\/matkasport.ee\/blogi\/arktika-kutsub-fjallraven-polar-2025\/#article\",\"isPartOf\":{\"@id\":\"https:\/\/matkasport.ee\/blogi\/arktika-kutsub-fjallraven-polar-2025\/\"},\"author\":{\"name\":\"Fj\u00e4llr\u00e4ven\",\"@id\":\"https:\/\/matkasport.ee\/blogi\/#\/schema\/person\/3e707a23369eb0c873c6a024798ec926\"},\"headline\":\"Arktika kutsub &#8211; Fj\u00e4llr\u00e4ven Polar 2025\",\"datePublished\":\"2024-11-06T11:23:34+00:00\",\"dateModified\":\"2024-11-06T11:25:22+00:00\",\"mainEntityOfPage\":{\"@id\":\"https:\/\/matkasport.ee\/blogi\/arktika-kutsub-fjallraven-polar-2025\/\"},\"wordCount\":618,\"commentCount\":0,\"publisher\":{\"@id\":\"https:\/\/matkasport.ee\/blogi\/#organization\"},\"image\":{\"@id\":\"https:\/\/matkasport.ee\/blogi\/arktika-kutsub-fjallraven-polar-2025\/#primaryimage\"},\"thumbnailUrl\":\"https:\/\/matkasport.ee\/blogi\/wp-content\/uploads\/2024\/11\/Fj\u00e4llr\u00e4ven.polar_.2025.jpg\",\"articleSection\":[\"Fj\u00e4llr\u00e4ven\",\"Matkamine\"],\"inLanguage\":\"et\"},{\"@type\":\"WebPage\",\"@id\":\"https:\/\/matkasport.ee\/blogi\/arktika-kutsub-fjallraven-polar-2025\/\",\"url\":\"https:\/\/matkasport.ee\/blogi\/arktika-kutsub-fjallraven-polar-2025\/\",\"name\":\"Arktika kutsub - Fj\u00e4llr\u00e4ven Polar 2025 | MATKaBLOGI\",\"isPartOf\":{\"@id\":\"https:\/\/matkasport.ee\/blogi\/#website\"},\"primaryImageOfPage\":{\"@id\":\"https:\/\/matkasport.ee\/blogi\/arktika-kutsub-fjallraven-polar-2025\/#primaryimage\"},\"image\":{\"@id\":\"https:\/\/matkasport.ee\/blogi\/arktika-kutsub-fjallraven-polar-2025\/#primaryimage\"},\"thumbnailUrl\":\"https:\/\/matkasport.ee\/blogi\/wp-content\/uploads\/2024\/11\/Fj\u00e4llr\u00e4ven.polar_.2025.jpg\",\"datePublished\":\"2024-11-06T11:23:34+00:00\",\"dateModified\":\"2024-11-06T11:25:22+00:00\",\"description\":\"Kas sooviksid olla j\u00e4rgmine eestlane kelgukoeramatkal j\u00e4\u00e4ristallidega kaunistatud Skandinaavia Arktikas? V\u00f5imalus ekspeditsioonil osaleda on avatud N\u00dc\u00dcD!\",\"breadcrumb\":{\"@id\":\"https:\/\/matkasport.ee\/blogi\/arktika-kutsub-fjallraven-polar-2025\/#breadcrumb\"},\"inLanguage\":\"et\",\"potentialAction\":[{\"@type\":\"ReadAction\",\"target\":[\"https:\/\/matkasport.ee\/blogi\/arktika-kutsub-fjallraven-polar-2025\/\"]}]},{\"@type\":\"ImageObject\",\"inLanguage\":\"et\",\"@id\":\"https:\/\/matkasport.ee\/blogi\/arktika-kutsub-fjallraven-polar-2025\/#primaryimage\",\"url\":\"https:\/\/matkasport.ee\/blogi\/wp-content\/uploads\/2024\/11\/Fj\u00e4llr\u00e4ven.polar_.2025.jpg\",\"contentUrl\":\"https:\/\/matkasport.ee\/blogi\/wp-content\/uploads\/2024\/11\/Fj\u00e4llr\u00e4ven.polar_.2025.jpg\",\"width\":765,\"height\":490,\"caption\":\"Fj\u00e4llr\u00e4ven.polar.2025\"},{\"@type\":\"BreadcrumbList\",\"@id\":\"https:\/\/matkasport.ee\/blogi\/arktika-kutsub-fjallraven-polar-2025\/#breadcrumb\",\"itemListElement\":[{\"@type\":\"ListItem\",\"position\":1,\"name\":\"Home\",\"item\":\"https:\/\/matkasport.ee\/blogi\/\"},{\"@type\":\"ListItem\",\"position\":2,\"name\":\"Arktika kutsub &#8211; Fj\u00e4llr\u00e4ven Polar 2025\"}]},{\"@type\":\"WebSite\",\"@id\":\"https:\/\/matkasport.ee\/blogi\/#website\",\"url\":\"https:\/\/matkasport.ee\/blogi\/\",\"name\":\"MATKaBLOGI\",\"description\":\"MATKaBLOGIS jagavad kogemusi ja n\u00f5uanded matkajad matkajatele\",\"publisher\":{\"@id\":\"https:\/\/matkasport.ee\/blogi\/#organization\"},\"potentialAction\":[{\"@type\":\"SearchAction\",\"target\":{\"@type\":\"EntryPoint\",\"urlTemplate\":\"https:\/\/matkasport.ee\/blogi\/?s={search_term_string}\"},\"query-input\":{\"@type\":\"PropertyValueSpecification\",\"valueRequired\":true,\"valueName\":\"search_term_string\"}}],\"inLanguage\":\"et\"},{\"@type\":\"Organization\",\"@id\":\"https:\/\/matkasport.ee\/blogi\/#organization\",\"name\":\"MATKaSPORT\",\"url\":\"https:\/\/matkasport.ee\/blogi\/\",\"logo\":{\"@type\":\"ImageObject\",\"inLanguage\":\"et\",\"@id\":\"https:\/\/matkasport.ee\/blogi\/#\/schema\/logo\/image\/\",\"url\":\"https:\/\/matkasport.ee\/blogi\/wp-content\/uploads\/2025\/01\/MATKASPORTlogo-133.png\",\"contentUrl\":\"https:\/\/matkasport.ee\/blogi\/wp-content\/uploads\/2025\/01\/MATKASPORTlogo-133.png\",\"width\":133,\"height\":50,\"caption\":\"MATKaSPORT\"},\"image\":{\"@id\":\"https:\/\/matkasport.ee\/blogi\/#\/schema\/logo\/image\/\"},\"sameAs\":[\"https:\/\/www.facebook.com\/MATKaSPORT\"]},{\"@type\":\"Person\",\"@id\":\"https:\/\/matkasport.ee\/blogi\/#\/schema\/person\/3e707a23369eb0c873c6a024798ec926\",\"name\":\"Fj\u00e4llr\u00e4ven\",\"image\":{\"@type\":\"ImageObject\",\"inLanguage\":\"et\",\"@id\":\"https:\/\/matkasport.ee\/blogi\/#\/schema\/person\/image\/\",\"url\":\"https:\/\/secure.gravatar.com\/avatar\/024a7736be931765c12e1c65a49cd307c998cf478e6b15335a3e991d86537ee8?s=96&d=mm&r=g\",\"contentUrl\":\"https:\/\/secure.gravatar.com\/avatar\/024a7736be931765c12e1c65a49cd307c998cf478e6b15335a3e991d86537ee8?s=96&d=mm&r=g\",\"caption\":\"Fj\u00e4llr\u00e4ven\"},\"url\":\"https:\/\/matkasport.ee\/blogi\/author\/fjallraven\/\"}]}<\/script>\n<!-- \/ Yoast SEO plugin. -->","yoast_head_json":{"title":"Arktika kutsub - Fj\u00e4llr\u00e4ven Polar 2025 | MATKaBLOGI","description":"Kas sooviksid olla j\u00e4rgmine eestlane kelgukoeramatkal j\u00e4\u00e4ristallidega kaunistatud Skandinaavia Arktikas? V\u00f5imalus ekspeditsioonil osaleda on avatud N\u00dc\u00dcD!","robots":{"index":"index","follow":"follow","max-snippet":"max-snippet:-1","max-image-preview":"max-image-preview:large","max-video-preview":"max-video-preview:-1"},"canonical":"https:\/\/matkasport.ee\/blogi\/arktika-kutsub-fjallraven-polar-2025\/","og_locale":"et_EE","og_type":"article","og_title":"Arktika kutsub - Fj\u00e4llr\u00e4ven Polar 2025 | MATKaBLOGI","og_description":"Kas sooviksid olla j\u00e4rgmine eestlane kelgukoeramatkal j\u00e4\u00e4ristallidega kaunistatud Skandinaavia Arktikas? V\u00f5imalus ekspeditsioonil osaleda on avatud N\u00dc\u00dcD!","og_url":"https:\/\/matkasport.ee\/blogi\/arktika-kutsub-fjallraven-polar-2025\/","og_site_name":"MATKaBLOGI","article_publisher":"https:\/\/www.facebook.com\/MATKaSPORT","article_published_time":"2024-11-06T11:23:34+00:00","article_modified_time":"2024-11-06T11:25:22+00:00","og_image":[{"width":765,"height":490,"url":"https:\/\/matkasport.ee\/blogi\/wp-content\/uploads\/2024\/11\/Fj\u00e4llr\u00e4ven.polar_.2025.jpg","type":"image\/jpeg"}],"author":"Fj\u00e4llr\u00e4ven","twitter_card":"summary_large_image","twitter_misc":{"Written by":"Fj\u00e4llr\u00e4ven","Est. reading time":"3 minutit"},"schema":{"@context":"https:\/\/schema.org","@graph":[{"@type":"Article","@id":"https:\/\/matkasport.ee\/blogi\/arktika-kutsub-fjallraven-polar-2025\/#article","isPartOf":{"@id":"https:\/\/matkasport.ee\/blogi\/arktika-kutsub-fjallraven-polar-2025\/"},"author":{"name":"Fj\u00e4llr\u00e4ven","@id":"https:\/\/matkasport.ee\/blogi\/#\/schema\/person\/3e707a23369eb0c873c6a024798ec926"},"headline":"Arktika kutsub &#8211; Fj\u00e4llr\u00e4ven Polar 2025","datePublished":"2024-11-06T11:23:34+00:00","dateModified":"2024-11-06T11:25:22+00:00","mainEntityOfPage":{"@id":"https:\/\/matkasport.ee\/blogi\/arktika-kutsub-fjallraven-polar-2025\/"},"wordCount":618,"commentCount":0,"publisher":{"@id":"https:\/\/matkasport.ee\/blogi\/#organization"},"image":{"@id":"https:\/\/matkasport.ee\/blogi\/arktika-kutsub-fjallraven-polar-2025\/#primaryimage"},"thumbnailUrl":"https:\/\/matkasport.ee\/blogi\/wp-content\/uploads\/2024\/11\/Fj\u00e4llr\u00e4ven.polar_.2025.jpg","articleSection":["Fj\u00e4llr\u00e4ven","Matkamine"],"inLanguage":"et"},{"@type":"WebPage","@id":"https:\/\/matkasport.ee\/blogi\/arktika-kutsub-fjallraven-polar-2025\/","url":"https:\/\/matkasport.ee\/blogi\/arktika-kutsub-fjallraven-polar-2025\/","name":"Arktika kutsub - Fj\u00e4llr\u00e4ven Polar 2025 | MATKaBLOGI","isPartOf":{"@id":"https:\/\/matkasport.ee\/blogi\/#website"},"primaryImageOfPage":{"@id":"https:\/\/matkasport.ee\/blogi\/arktika-kutsub-fjallraven-polar-2025\/#primaryimage"},"image":{"@id":"https:\/\/matkasport.ee\/blogi\/arktika-kutsub-fjallraven-polar-2025\/#primaryimage"},"thumbnailUrl":"https:\/\/matkasport.ee\/blogi\/wp-content\/uploads\/2024\/11\/Fj\u00e4llr\u00e4ven.polar_.2025.jpg","datePublished":"2024-11-06T11:23:34+00:00","dateModified":"2024-11-06T11:25:22+00:00","description":"Kas sooviksid olla j\u00e4rgmine eestlane kelgukoeramatkal j\u00e4\u00e4ristallidega kaunistatud Skandinaavia Arktikas? V\u00f5imalus ekspeditsioonil osaleda on avatud N\u00dc\u00dcD!","breadcrumb":{"@id":"https:\/\/matkasport.ee\/blogi\/arktika-kutsub-fjallraven-polar-2025\/#breadcrumb"},"inLanguage":"et","potentialAction":[{"@type":"ReadAction","target":["https:\/\/matkasport.ee\/blogi\/arktika-kutsub-fjallraven-polar-2025\/"]}]},{"@type":"ImageObject","inLanguage":"et","@id":"https:\/\/matkasport.ee\/blogi\/arktika-kutsub-fjallraven-polar-2025\/#primaryimage","url":"https:\/\/matkasport.ee\/blogi\/wp-content\/uploads\/2024\/11\/Fj\u00e4llr\u00e4ven.polar_.2025.jpg","contentUrl":"https:\/\/matkasport.ee\/blogi\/wp-content\/uploads\/2024\/11\/Fj\u00e4llr\u00e4ven.polar_.2025.jpg","width":765,"height":490,"caption":"Fj\u00e4llr\u00e4ven.polar.2025"},{"@type":"BreadcrumbList","@id":"https:\/\/matkasport.ee\/blogi\/arktika-kutsub-fjallraven-polar-2025\/#breadcrumb","itemListElement":[{"@type":"ListItem","position":1,"name":"Home","item":"https:\/\/matkasport.ee\/blogi\/"},{"@type":"ListItem","position":2,"name":"Arktika kutsub &#8211; Fj\u00e4llr\u00e4ven Polar 2025"}]},{"@type":"WebSite","@id":"https:\/\/matkasport.ee\/blogi\/#website","url":"https:\/\/matkasport.ee\/blogi\/","name":"MATKaBLOGI","description":"MATKaBLOGIS jagavad kogemusi ja n\u00f5uanded matkajad matkajatele","publisher":{"@id":"https:\/\/matkasport.ee\/blogi\/#organization"},"potentialAction":[{"@type":"SearchAction","target":{"@type":"EntryPoint","urlTemplate":"https:\/\/matkasport.ee\/blogi\/?s={search_term_string}"},"query-input":{"@type":"PropertyValueSpecification","valueRequired":true,"valueName":"search_term_string"}}],"inLanguage":"et"},{"@type":"Organization","@id":"https:\/\/matkasport.ee\/blogi\/#organization","name":"MATKaSPORT","url":"https:\/\/matkasport.ee\/blogi\/","logo":{"@type":"ImageObject","inLanguage":"et","@id":"https:\/\/matkasport.ee\/blogi\/#\/schema\/logo\/image\/","url":"https:\/\/matkasport.ee\/blogi\/wp-content\/uploads\/2025\/01\/MATKASPORTlogo-133.png","contentUrl":"https:\/\/matkasport.ee\/blogi\/wp-content\/uploads\/2025\/01\/MATKASPORTlogo-133.png","width":133,"height":50,"caption":"MATKaSPORT"},"image":{"@id":"https:\/\/matkasport.ee\/blogi\/#\/schema\/logo\/image\/"},"sameAs":["https:\/\/www.facebook.com\/MATKaSPORT"]},{"@type":"Person","@id":"https:\/\/matkasport.ee\/blogi\/#\/schema\/person\/3e707a23369eb0c873c6a024798ec926","name":"Fj\u00e4llr\u00e4ven","image":{"@type":"ImageObject","inLanguage":"et","@id":"https:\/\/matkasport.ee\/blogi\/#\/schema\/person\/image\/","url":"https:\/\/secure.gravatar.com\/avatar\/024a7736be931765c12e1c65a49cd307c998cf478e6b15335a3e991d86537ee8?s=96&d=mm&r=g","contentUrl":"https:\/\/secure.gravatar.com\/avatar\/024a7736be931765c12e1c65a49cd307c998cf478e6b15335a3e991d86537ee8?s=96&d=mm&r=g","caption":"Fj\u00e4llr\u00e4ven"},"url":"https:\/\/matkasport.ee\/blogi\/author\/fjallraven\/"}]}},"post_mailing_queue_ids":[],"_links":{"self":[{"href":"https:\/\/matkasport.ee\/blogi\/wp-json\/wp\/v2\/posts\/20625","targetHints":{"allow":["GET"]}}],"collection":[{"href":"https:\/\/matkasport.ee\/blogi\/wp-json\/wp\/v2\/posts"}],"about":[{"href":"https:\/\/matkasport.ee\/blogi\/wp-json\/wp\/v2\/types\/post"}],"author":[{"embeddable":true,"href":"https:\/\/matkasport.ee\/blogi\/wp-json\/wp\/v2\/users\/82"}],"replies":[{"embeddable":true,"href":"https:\/\/matkasport.ee\/blogi\/wp-json\/wp\/v2\/comments?post=20625"}],"version-history":[{"count":2,"href":"https:\/\/matkasport.ee\/blogi\/wp-json\/wp\/v2\/posts\/20625\/revisions"}],"predecessor-version":[{"id":20628,"href":"https:\/\/matkasport.ee\/blogi\/wp-json\/wp\/v2\/posts\/20625\/revisions\/20628"}],"wp:featuredmedia":[{"embeddable":true,"href":"https:\/\/matkasport.ee\/blogi\/wp-json\/wp\/v2\/media\/20626"}],"wp:attachment":[{"href":"https:\/\/matkasport.ee\/blogi\/wp-json\/wp\/v2\/media?parent=20625"}],"wp:term":[{"taxonomy":"category","embeddable":true,"href":"https:\/\/matkasport.ee\/blogi\/wp-json\/wp\/v2\/categories?post=20625"},{"taxonomy":"post_tag","embeddable":true,"href":"https:\/\/matkasport.ee\/blogi\/wp-json\/wp\/v2\/tags?post=20625"}],"curies":[{"name":"wp","href":"https:\/\/api.w.org\/{rel}","templated":true}]}}